{"id":9940,"date":"2025-06-29T10:05:56","date_gmt":"2025-06-29T08:05:56","guid":{"rendered":"https:\/\/alaev-lueneburg.de\/alawordpress\/?p=9940"},"modified":"2025-06-30T10:25:22","modified_gmt":"2025-06-30T08:25:22","slug":"stadtgeschichten-juni-2025","status":"publish","type":"post","link":"https:\/\/alaev-lueneburg.de\/alawordpress\/stadtgeschichten-juni-2025\/","title":{"rendered":"Stadtgeschichten Juni 2025"},"content":{"rendered":"\n<h2 class=\"wp-block-heading\">Stadtgeschichten Juni 2025<\/h2>\n\n\n\n<p><strong>Liebe Leserinnen und liebe Leser,<\/strong><\/p>\n\n\n\n<p>auf einer Bahnfahrt durchbl\u00e4tterte ich die dicke Brosch\u00fcre zum \u201eTag der Architektur\u201c. Beim Betrachten der ausgew\u00e4hlten H\u00e4user ertappte ich mich oft bei dem Gedanken \u201eIst das h\u00e4sslich!\u201c Sch\u00f6nheit schien kein Auswahlkriterium gewesen zu sein. Bin ich zu alt f\u00fcr moderne Architektur oder habe ich zu lange in der Altstadt gelebt? Ich erinnerte mich an den Leserbrief eines Neu-L\u00fcneburgers, der die H\u00e4sslichkeit des Hanseviertels beklagte. Diesen Brief mailte ich an der Stadtteilmanager des Hanseviertels. Max Werner antwortete, dass viele gerade wegen der Architektur ins Hanseviertel ziehen. Was nun? Ich startete eine Umfrage <strong>\u201eWelches Geb\u00e4ude in L\u00fcneburg findest Du\/ finden Sie sch\u00f6n?<\/strong>\u201c Dass diese Frage so viele Emotionen ausl\u00f6st, h\u00e4tte ich nicht gedacht.<\/p>\n\n\n\n<p>Da es immer hei\u00dft, L\u00fcneburg sei eine sch\u00f6ne Stadt, googelte ich \u201eL\u00fcneburg \u2013 Bilder\u201c und schaute, was auf den ersten 40 Fotos abgebildet war: 24 x der Stintmarkt, 8 x der Sande, &nbsp;4 x das Rathaus und 4 x die Altstadt. Unser spektakul\u00e4rer Daniel-Libeskind-Bau kam erst ganz weit unten irgendwo\u2026<\/p>\n\n\n<div class=\"wp-block-image is-style-default image_left\">\n<figure class=\"alignleft size-full is-resized\"><img loading=\"lazy\" decoding=\"async\" width=\"500\" height=\"375\" src=\"https:\/\/alaev-lueneburg.de\/alawordpress\/wp-content\/uploads\/2025\/06\/01-06-2025.jpg\" alt=\"\" class=\"wp-image-9943\" style=\"width:248px;height:auto\" srcset=\"https:\/\/alaev-lueneburg.de\/alawordpress\/wp-content\/uploads\/2025\/06\/01-06-2025.jpg 500w, https:\/\/alaev-lueneburg.de\/alawordpress\/wp-content\/uploads\/2025\/06\/01-06-2025-300x225.jpg 300w\" sizes=\"auto, (max-width: 500px) 100vw, 500px\" \/><\/figure><\/div>\n\n\n<p>Nichts davon wurde von meinen Leser-R\u00fcckmeldungen erw\u00e4hnt. Die von Ihnen als sch\u00f6n empfundenen Geb\u00e4ude waren fast immer mit einer pers\u00f6nlichen Geschichte verbunden, oft mit Kindheitserinnerungen oder besonderen Erlebnissen dort. Die H\u00e4user wurden teilweise liebevoll beschrieben, ihre Sch\u00f6nheit lag im Auge der Betrachterin und des Betrachters. Hier einige Beispiele:<\/p>\n\n\n<div class=\"wp-block-image is-style-default image_right\">\n<figure class=\"alignright size-full is-resized\"><img loading=\"lazy\" decoding=\"async\" width=\"372\" height=\"500\" src=\"https:\/\/alaev-lueneburg.de\/alawordpress\/wp-content\/uploads\/2025\/06\/02-06-2025.jpg\" alt=\"\" class=\"wp-image-9944\" style=\"width:168px;height:auto\" title=\"\" srcset=\"https:\/\/alaev-lueneburg.de\/alawordpress\/wp-content\/uploads\/2025\/06\/02-06-2025.jpg 372w, https:\/\/alaev-lueneburg.de\/alawordpress\/wp-content\/uploads\/2025\/06\/02-06-2025-223x300.jpg 223w\" sizes=\"auto, (max-width: 372px) 100vw, 372px\" \/><\/figure><\/div>\n\n\n<p>Mein Fazit dieser Aktion: <strong>L\u00dcNEBURG IST VIEL MEHR<\/strong> als Stintmarkt und Sande! Es lohnt sich, genauer hinzuschauen und zu entdecken, wof\u00fcr mein Herz schl\u00e4gt in dieser Stadt. Und ja \u2013 unbedingt am \u201eTag der Architektur\u201c am Sonntag, 29.06.25 in L\u00fcneburg sich eine eigene Meinung bilden:&nbsp;<\/p>\n\n\n<div class=\"wp-block-image is-style-default image_left\">\n<figure class=\"alignleft size-full is-resized\"><img loading=\"lazy\" decoding=\"async\" width=\"500\" height=\"375\" src=\"https:\/\/alaev-lueneburg.de\/alawordpress\/wp-content\/uploads\/2025\/06\/03-06-2025.jpg\" alt=\"\" class=\"wp-image-9945\" style=\"width:167px;height:auto\" srcset=\"https:\/\/alaev-lueneburg.de\/alawordpress\/wp-content\/uploads\/2025\/06\/03-06-2025.jpg 500w, https:\/\/alaev-lueneburg.de\/alawordpress\/wp-content\/uploads\/2025\/06\/03-06-2025-300x225.jpg 300w\" sizes=\"auto, (max-width: 500px) 100vw, 500px\" \/><\/figure><\/div>\n\n\n<p>Architektur ist immer eine Auseinandersetzung wert. Sie ist ein Spiegelbild gesellschaftlicher Entwicklungen. In diesem Jahr waren die Auswahlkriterien Nachhaltigkeit, Klimaschutz und soziale Verantwortung. L\u00fcneburg soll ja nicht im Mittelalter stehen bleiben. Wir d\u00fcrfen in unserer Stadt beides genie\u00dfen. Das ist nicht selbstverst\u00e4ndlich.<\/p>\n\n\n<div class=\"wp-block-image is-style-default image_left\">\n<figure class=\"alignleft size-full is-resized\"><img loading=\"lazy\" decoding=\"async\" width=\"361\" height=\"500\" src=\"https:\/\/alaev-lueneburg.de\/alawordpress\/wp-content\/uploads\/2025\/06\/05-06-2025.jpg\" alt=\"\" class=\"wp-image-9947\" style=\"width:155px;height:auto\" srcset=\"https:\/\/alaev-lueneburg.de\/alawordpress\/wp-content\/uploads\/2025\/06\/05-06-2025.jpg 361w, https:\/\/alaev-lueneburg.de\/alawordpress\/wp-content\/uploads\/2025\/06\/05-06-2025-217x300.jpg 217w\" sizes=\"auto, (max-width: 361px) 100vw, 361px\" \/><\/figure><\/div>\n\n<div class=\"wp-block-image is-style-default image_right\">\n<figure class=\"alignright size-full is-resized\"><img loading=\"lazy\" decoding=\"async\" width=\"500\" height=\"358\" src=\"https:\/\/alaev-lueneburg.de\/alawordpress\/wp-content\/uploads\/2025\/06\/04-06-2025.jpg\" alt=\"\" class=\"wp-image-9946\" style=\"width:190px;height:auto\" srcset=\"https:\/\/alaev-lueneburg.de\/alawordpress\/wp-content\/uploads\/2025\/06\/04-06-2025.jpg 500w, https:\/\/alaev-lueneburg.de\/alawordpress\/wp-content\/uploads\/2025\/06\/04-06-2025-300x215.jpg 300w\" sizes=\"auto, (max-width: 500px) 100vw, 500px\" \/><\/figure><\/div>\n\n\n<p><strong>Kleines Preisr\u00e4tsel:<\/strong><br>Wer uns die Stra\u00dfen der 6 abgebildeten Lieblingsh\u00e4user nennt, bekommt als L\u00fcneburg-Kenner*in eine original ALA-Stofftasche geschenkt. Es ist nicht ganz leicht, aber alle Geb\u00e4ude sind in der Innenstadt<\/p>\n\n\n\n<p><\/p>\n\n\n\n<p>Wer noch mehr sch\u00f6ne H\u00e4user sehen will wird auf <strong>unserer neuen homepage<\/strong> f\u00fcndig. Sie ist nun endlich frei geschaltet und immer einen Blick wert. Auch alle Stadtgeschichten k\u00f6nnen Sie dort nachlesen. <br><a href=\"https:\/\/alaev-lueneburg.de\/alawordpress\/\">https:\/\/alaev-lueneburg.de\/alawordpress\/<\/a><\/p>\n\n\n<div class=\"wp-block-image is-style-default image_right\">\n<figure class=\"alignright size-full is-resized\"><img loading=\"lazy\" decoding=\"async\" width=\"832\" height=\"788\" src=\"https:\/\/alaev-lueneburg.de\/alawordpress\/wp-content\/uploads\/2025\/06\/06-06-2025.jpg\" alt=\"\" class=\"wp-image-9948\" style=\"width:174px;height:auto\" srcset=\"https:\/\/alaev-lueneburg.de\/alawordpress\/wp-content\/uploads\/2025\/06\/06-06-2025.jpg 832w, https:\/\/alaev-lueneburg.de\/alawordpress\/wp-content\/uploads\/2025\/06\/06-06-2025-300x284.jpg 300w, https:\/\/alaev-lueneburg.de\/alawordpress\/wp-content\/uploads\/2025\/06\/06-06-2025-768x727.jpg 768w\" sizes=\"auto, (max-width: 832px) 100vw, 832px\" \/><\/figure><\/div>\n\n\n<p>Ab sofort werden wir unsere aktuellen <strong>Angebote&nbsp; bei L\u00fcne-Blog <\/strong>ver\u00f6ffentlichen. Unser neuer Pressesprecher Andreas Bahr informiert sie dort laufend, wann und wo der ALA in der Stadt aktiv ist und was f\u00fcr uns als Verein auf der Tagesordnung steht:<\/p>\n\n\n\n<p>In der Mai-Ausgabe der Stadtgeschichten habe ich Ihnen versprochen, nach der Vorstellung unseres neu gew\u00e4hlten Vorstandes auch <strong>die geballte Frauenpower des ALA<\/strong> zu zeigen. Wo da anfangen? Wir haben so viele flei\u00dfige, aktive und begabte Frauen in unseren Reihen, ohne die unsere Arbeit gar nicht m\u00f6glich w\u00e4re. Ich stelle einfach mal die Mitarbeiterinnen vor, die momentan im Vorstand, im B\u00fcro und in der \u00d6ffentlichkeit unterst\u00fctzen. Als Teil des Kabinetts bekommen sie auch einen Ministerposten von mir verpasst \u2013 je nach Einsatz oder Qualifikation:<\/p>\n\n\n\n<figure class=\"wp-block-image size-large\"><img loading=\"lazy\" decoding=\"async\" width=\"1024\" height=\"296\" src=\"https:\/\/alaev-lueneburg.de\/alawordpress\/wp-content\/uploads\/2025\/06\/07-06-2025-1024x296.jpg\" alt=\"\" class=\"wp-image-9949\" srcset=\"https:\/\/alaev-lueneburg.de\/alawordpress\/wp-content\/uploads\/2025\/06\/07-06-2025-1024x296.jpg 1024w, https:\/\/alaev-lueneburg.de\/alawordpress\/wp-content\/uploads\/2025\/06\/07-06-2025-300x87.jpg 300w, https:\/\/alaev-lueneburg.de\/alawordpress\/wp-content\/uploads\/2025\/06\/07-06-2025-768x222.jpg 768w, https:\/\/alaev-lueneburg.de\/alawordpress\/wp-content\/uploads\/2025\/06\/07-06-2025-1536x444.jpg 1536w, https:\/\/alaev-lueneburg.de\/alawordpress\/wp-content\/uploads\/2025\/06\/07-06-2025-2048x592.jpg 2048w\" sizes=\"auto, (max-width: 1024px) 100vw, 1024px\" \/><\/figure>\n\n\n\n<p>Gerlinde Otto: Angefragt f\u00fcr Ministerium Arbeit und Soziales(Unterst\u00fctzerteam Vorstand, Veranstaltungen, Probierk\u00fcche), Meike Flim: Gesundheitsministerium (Unterst\u00fctzerteam Vorstand und Stadtwache), Jana Hadler: Entwicklungshilfeministerium (Unterst\u00fctzerteam Vorstand, Stadtwache), Britta Schulz: Innenministerium (B\u00fcro und Mitgliederbetreuung), Magdalena Deutschmann: Heimat- und Landwirtschaftsministerium (Stadtgeschichten und Heimatkunde), Inga Whiton: Immer noch unsere Energieministerin (\u00fcberall und Veranstaltungen).<\/p>\n\n\n<div class=\"wp-block-image is-style-default image_right\">\n<figure class=\"alignright size-full is-resized\"><img loading=\"lazy\" decoding=\"async\" width=\"900\" height=\"594\" src=\"https:\/\/alaev-lueneburg.de\/alawordpress\/wp-content\/uploads\/2025\/06\/08-06-2025.jpg\" alt=\"\" class=\"wp-image-9942\" style=\"width:390px;height:auto\" srcset=\"https:\/\/alaev-lueneburg.de\/alawordpress\/wp-content\/uploads\/2025\/06\/08-06-2025.jpg 900w, https:\/\/alaev-lueneburg.de\/alawordpress\/wp-content\/uploads\/2025\/06\/08-06-2025-300x198.jpg 300w, https:\/\/alaev-lueneburg.de\/alawordpress\/wp-content\/uploads\/2025\/06\/08-06-2025-768x507.jpg 768w\" sizes=\"auto, (max-width: 900px) 100vw, 900px\" \/><\/figure><\/div>\n\n\n<p>Schon in der kommenden Woche steht uns die n\u00e4chste Hitzewelle bevor. Deshalb habe ich Ihnen hier den genialen <strong>Hitzestadtplan der Hansestadt<\/strong> abgedruckt, der anzeigt, wo Sie in der Stadt ein k\u00fchles Pl\u00e4tzchen finden. Den Plan k\u00f6nnen Sie sich auch auf Ihr Handy laden und er soll auch als Flyer herauskommen: <a href=\"https:\/\/www.lueneburg-klimaschutz.de\/was-tun-bei-hitze\/\">https:\/\/www.lueneburg-klimaschutz.de\/was-tun-bei-hitze\/<\/a> Bleibt nur, Ihnen allen jetzt noch eine sch\u00f6ne Urlaubszeit zu w\u00fcnschen. Vielleicht sehen wir uns beim \u201eTag der Architektur\u201c oder bei meiner F\u00fchrung \u201eKirche, Kloster, Kreisverwaltung\u201c am Sonntag, dem 06.07.25. Danach werde auch ich ein paar Tage abtauchen\u2026<\/p>\n\n\n\n<p>Viele sch\u00f6ne Sommertage und herzliche Gr\u00fc\u00dfe von<br>Magdalena Deutschmann<\/p>\n\n\n\n<p><a href=\"mailto:stadtgeschichten@alaev-lueneburg.de\">stadtgeschichten@alaev-lueneburg.de<\/a><\/p>\n\n\n\n<p><\/p>\n","protected":false},"excerpt":{"rendered":"<p>L\u00dcNEBURG IST VIEL MEHR als Stintmarkt und Sande!<\/p>\n","protected":false},"author":6,"featured_media":9939,"comment_status":"open","ping_status":"closed","sticky":false,"template":"","format":"standard","meta":{"footnotes":""},"categories":[6],"tags":[],"class_list":["post-9940","post","type-post","status-publish","format-standard","has-post-thumbnail","hentry","category-stadtgeschichten"],"_links":{"self":[{"href":"https:\/\/alaev-lueneburg.de\/alawordpress\/wp-json\/wp\/v2\/posts\/9940","targetHints":{"allow":["GET"]}}],"collection":[{"href":"https:\/\/alaev-lueneburg.de\/alawordpress\/wp-json\/wp\/v2\/posts"}],"about":[{"href":"https:\/\/alaev-lueneburg.de\/alawordpress\/wp-json\/wp\/v2\/types\/post"}],"author":[{"embeddable":true,"href":"https:\/\/alaev-lueneburg.de\/alawordpress\/wp-json\/wp\/v2\/users\/6"}],"replies":[{"embeddable":true,"href":"https:\/\/alaev-lueneburg.de\/alawordpress\/wp-json\/wp\/v2\/comments?post=9940"}],"version-history":[{"count":19,"href":"https:\/\/alaev-lueneburg.de\/alawordpress\/wp-json\/wp\/v2\/posts\/9940\/revisions"}],"predecessor-version":[{"id":10071,"href":"https:\/\/alaev-lueneburg.de\/alawordpress\/wp-json\/wp\/v2\/posts\/9940\/revisions\/10071"}],"wp:featuredmedia":[{"embeddable":true,"href":"https:\/\/alaev-lueneburg.de\/alawordpress\/wp-json\/wp\/v2\/media\/9939"}],"wp:attachment":[{"href":"https:\/\/alaev-lueneburg.de\/alawordpress\/wp-json\/wp\/v2\/media?parent=9940"}],"wp:term":[{"taxonomy":"category","embeddable":true,"href":"https:\/\/alaev-lueneburg.de\/alawordpress\/wp-json\/wp\/v2\/categories?post=9940"},{"taxonomy":"post_tag","embeddable":true,"href":"https:\/\/alaev-lueneburg.de\/alawordpress\/wp-json\/wp\/v2\/tags?post=9940"}],"curies":[{"name":"wp","href":"https:\/\/api.w.org\/{rel}","templated":true}]}}