{"id":9848,"date":"2025-06-25T18:00:00","date_gmt":"2025-06-25T16:00:00","guid":{"rendered":"https:\/\/alaev-lueneburg.de\/alawordpress\/?p=9848"},"modified":"2025-06-25T19:34:11","modified_gmt":"2025-06-25T17:34:11","slug":"ala-auf-dem-stadtfest-von-lueneburg","status":"publish","type":"post","link":"https:\/\/alaev-lueneburg.de\/alawordpress\/ala-auf-dem-stadtfest-von-lueneburg\/","title":{"rendered":"ALA auf dem Stadtfest von L\u00fcneburg"},"content":{"rendered":"\n<p class=\"has-colibri-color-6-color has-text-color has-link-color has-large-font-size wp-elements-27e414725e88ca04beb24e8ee4bdf8cf\">ALA auf dem Stadtfest von L\u00fcneburg<\/p>\n\n\n\n<p class=\"has-colibri-color-6-color has-text-color has-link-color wp-elements-10314fe7b7e6eb6acbf458ea63612a2a\">Am Sonntag, dem 22.06.2025, pr\u00e4sentierte sich der Arbeitskreis L\u00fcneburger Altstadt (ALA) auf dem Stadtfest von L\u00fcneburg. Die L\u00fcneburg Marketing hatte f\u00fcr dieses Jahr die Vereine aufgerufen, sich auf der Initiativenstra\u00dfe am Markt darzustellen und den B\u00fcrgern und Besuchern vorzustellen, in welchen vielf\u00e4ltigen und herausfordernden T\u00e4tigkeitsfeldern sie unterwegs sind.<\/p>\n\n\n\n<p class=\"has-colibri-color-6-color has-text-color has-link-color wp-elements-93a11fb1f3333cf489917bf69cc77e90\">Der ALA bot seinen Besuchern einen Einblick in die Arbeit der vergangenen 50-j\u00e4hrigen T\u00e4tigkeit, mit den verschiedenen Projekten die vom ALA unterst\u00fctzt worden sind und nat\u00fcrlich den Aktionen, wo der Verein direkt mitgehandelt hat, wenn es um den Erhalt von Geb\u00e4uden in unserer wundersch\u00f6nen Altstadt ging.<\/p>\n\n\n\n<p class=\"has-colibri-color-6-color has-text-color has-link-color wp-elements-d74d2e1f7aa786e10c91799e846b5d95\">Doch der 1. Vorsitzende Steffen Wolter zeigte den interessierten Zuh\u00f6rern anhand von geplanten Projekten (z.B. Umgestaltung der Sparkasse), dass die Arbeit des ALA noch lange nicht beendet ist und aktive Mitarbeit immer noch ben\u00f6tigt wird.<\/p>\n\n\n\n<p class=\"has-colibri-color-6-color has-text-color has-link-color wp-elements-d263f3e8630c6d7ee33323d8f23ca160\">Neben den zahlreichen Bildb\u00e4nden und Informationsbrosch\u00fcren \u00fcber die sch\u00f6nsten und interessantesten Flecken und Geb\u00e4ude in der Altstadt wurde auch eine kleine Ausstellung \u00fcber die verschiedenen Arten von Steinen gezeigt, die in den alten H\u00e4usern verbaut wurden.<\/p>\n\n\n\n<p class=\"has-colibri-color-6-color has-text-color has-link-color wp-elements-953b3a821c043bba1117447fa5724660\">F\u00fcr die Sicherheit des ALA-Standes sorgten die Stadtwachen und Marketenderinnen mit ihren pr\u00e4chtigen Gew\u00e4ndern, sie sorgten nicht nur f\u00fcr Sicherheit am Stand, sie \u201epatrouillierten\u201c auch in der Innenstadt von L\u00fcneburg, um f\u00fcr die \u201eSicherheit und den Schutz\u201c der B\u00fcrger zu sorgen. Dort, wo es m\u00f6glich war, verk\u00fcndete der Ausrufer, dass \u201eam Platz der H\u00e4ndler und Fahrensleut allerlei \u00fcber die Arbeit der Streiter f\u00fcr die Altstadt, der edlen und wundersch\u00f6nen Stadt L\u00fcneburg, zu erfahren sei\u201c. Zur Vorbereitung auf den Initiativstand am Sonntag waren die Stadtwachen und Marketenderinnen bereits am Samstag unterwegs, um das \u201eB\u00fcrgertum der Stadt\u201c \u00fcber den kommenden Informationsstand des ALA zu informieren.<\/p>\n\n\n\n<p class=\"has-colibri-color-6-color has-text-color has-link-color wp-elements-104bb7b6197b834633385171a04f40bb\">Um seine Arbeit gutzumachen, ben\u00f6tigt der Arbeitskreis L\u00fcneburger Altstadt weitere Unterst\u00fctzer, seien es f\u00f6rdernde Mitglieder, Einzelspenden oder aber viel lieber aktiv gestaltende mitwirkende Vereinsmitglieder die uns bei unseren zahlreichen Aktivit\u00e4ten unterst\u00fctzen, sei es beim Handwerkermarkt, dem Christmarkt oder bei den Stadtwachen. Wir wollen unsere Aktivit\u00e4ten ausweiten und pr\u00e4senter sein, dazu brauchen wir die Unterst\u00fctzung von engagierten Mitwirkenden.<\/p>\n\n\n\n<p class=\"has-colibri-color-6-color has-text-color has-link-color wp-elements-958a00cc7467da13fd25cb63f2419ed7\">Sie sind nicht so der darstellende Typ im historischen Gewand? Egal wir brauchen auch Unterst\u00fctzer in allen Bereichen.<\/p>\n\n\n\n<p class=\"has-colibri-color-6-color has-text-color has-link-color wp-elements-1d553fe67a31047a778f05af151dcee6\">Interesse geweckt? Dann melden Sie sich bei uns unter: <a href=\"mailto:info@alev-lueneburg.de\">info@alev-lueneburg.de<\/a> oder gibt es (Presse-)Anfragen zu Themen des Arbeitskreises L\u00fcneburger Altstadt: <a href=\"mailto:pressesprecher@alaev-lueneburg.de\">pressesprecher@alaev-lueneburg.de<\/a><\/p>\n\n\n\n<p><\/p>\n","protected":false},"excerpt":{"rendered":"<p>Der ALA bot einen Einblick in die Arbeit der vergangenen 50-j\u00e4hrigen T\u00e4tigkeit.<\/p>\n","protected":false},"author":5,"featured_media":9849,"comment_status":"open","ping_status":"closed","sticky":false,"template":"","format":"standard","meta":{"footnotes":""},"categories":[10],"tags":[],"class_list":["post-9848","post","type-post","status-publish","format-standard","has-post-thumbnail","hentry","category-ala-berichte"],"_links":{"self":[{"href":"https:\/\/alaev-lueneburg.de\/alawordpress\/wp-json\/wp\/v2\/posts\/9848","targetHints":{"allow":["GET"]}}],"collection":[{"href":"https:\/\/alaev-lueneburg.de\/alawordpress\/wp-json\/wp\/v2\/posts"}],"about":[{"href":"https:\/\/alaev-lueneburg.de\/alawordpress\/wp-json\/wp\/v2\/types\/post"}],"author":[{"embeddable":true,"href":"https:\/\/alaev-lueneburg.de\/alawordpress\/wp-json\/wp\/v2\/users\/5"}],"replies":[{"embeddable":true,"href":"https:\/\/alaev-lueneburg.de\/alawordpress\/wp-json\/wp\/v2\/comments?post=9848"}],"version-history":[{"count":3,"href":"https:\/\/alaev-lueneburg.de\/alawordpress\/wp-json\/wp\/v2\/posts\/9848\/revisions"}],"predecessor-version":[{"id":9852,"href":"https:\/\/alaev-lueneburg.de\/alawordpress\/wp-json\/wp\/v2\/posts\/9848\/revisions\/9852"}],"wp:featuredmedia":[{"embeddable":true,"href":"https:\/\/alaev-lueneburg.de\/alawordpress\/wp-json\/wp\/v2\/media\/9849"}],"wp:attachment":[{"href":"https:\/\/alaev-lueneburg.de\/alawordpress\/wp-json\/wp\/v2\/media?parent=9848"}],"wp:term":[{"taxonomy":"category","embeddable":true,"href":"https:\/\/alaev-lueneburg.de\/alawordpress\/wp-json\/wp\/v2\/categories?post=9848"},{"taxonomy":"post_tag","embeddable":true,"href":"https:\/\/alaev-lueneburg.de\/alawordpress\/wp-json\/wp\/v2\/tags?post=9848"}],"curies":[{"name":"wp","href":"https:\/\/api.w.org\/{rel}","templated":true}]}}