{"id":9736,"date":"2025-06-14T14:43:38","date_gmt":"2025-06-14T12:43:38","guid":{"rendered":"https:\/\/alaev-lueneburg.de\/alawordpress\/?p=9736"},"modified":"2025-06-19T09:21:38","modified_gmt":"2025-06-19T07:21:38","slug":"raddampfer-kaiser-wilhelm-auf-fahrt-nach-dresden","status":"publish","type":"post","link":"https:\/\/alaev-lueneburg.de\/alawordpress\/raddampfer-kaiser-wilhelm-auf-fahrt-nach-dresden\/","title":{"rendered":"Raddampfer Kaiser Wilhelm auf Fahrt nach Dresden"},"content":{"rendered":"\n<p class=\"has-colibri-color-6-color has-text-color has-link-color has-large-font-size wp-elements-620047a753c72b4aa33c1d2fe4f41696\">Raddampfer Kaiser Wilhelm auf Fahrt nach Dresden<\/p>\n\n\n\n<p class=\"has-colibri-color-6-color has-text-color has-link-color wp-elements-5cab8fdf8489e4531bb569bd535a824b\">Luneburg Aktuell: Der historische Raddampfer Kaiser Wilhelm ist auf gro\u00dfer Jubil\u00e4umsfahrt nach Dresden \u2013 125 Jahre nach seinem Stapellauf. Die Fahrt f\u00fchrt durch die Elblandschaft mit Stopps in Boizenburg, Bleckede, Neu Darchau und D\u00f6mitz. <\/p>\n\n\n\n<p class=\"has-colibri-color-6-color has-text-color has-link-color wp-elements-762557fcce78365d20289af6ef778bc2\">Mehr als nur eine Jubil\u00e4umstour: Der Kaiser Wilhelm ist ein schwimmendes Denkmal deutscher Schiffbautradition \u2013 seit 1970 in Lauenburg beheimatet und heute einer der letzten fahrt\u00fcchtigen Schaufelraddampfer mit Dampfmaschine.<\/p>\n\n\n\n<p class=\"has-colibri-color-6-color has-text-color has-link-color wp-elements-0a93e9039e4e782c3b9296d70ed51c5c\">Liesen Sie mehr \u00fcber jede Etappe der Fahrt auf L\u00fcneburg Aktuell:<\/p>\n\n\n\n<div style=\"height:10px\" aria-hidden=\"true\" class=\"wp-block-spacer\"><\/div>\n\n\n\n<div class=\"wp-block-buttons is-layout-flex wp-block-buttons-is-layout-flex\">\n<div class=\"wp-block-button\"><a class=\"wp-block-button__link has-text-align-left wp-element-button\" href=\"https:\/\/www.lueneburgaktuell.de\/artikel\/mit-volldampf-ins-jubilaeum--raddampfer-kaiser-wilhelm-auf-fahrt-nach-dresden-aus-hajos-logbuch\/\">08.06.2025 &#8211; 1. Etappe: Raddampfer Kaiser Wilhelm auf Fahrt nach Dresden.<\/a><\/div>\n<\/div>\n\n\n\n<div style=\"height:10px\" aria-hidden=\"true\" class=\"wp-block-spacer\"><\/div>\n\n\n\n<div class=\"wp-block-buttons is-layout-flex wp-block-buttons-is-layout-flex\">\n<div class=\"wp-block-button\"><a class=\"wp-block-button__link has-text-align-left wp-element-button\" href=\"https:\/\/www.lueneburgaktuell.de\/artikel\/2etappe-raddampfer-kaiser-wilhelm-meistert-elbetour-bei-niedrigwasser\/\">08.06.2025 &#8211; 2. Etappe: Kaiser Wilhelm meistert Elbetour bei Niedrigwasser<\/a><\/div>\n<\/div>\n\n\n\n<div style=\"height:10px\" aria-hidden=\"true\" class=\"wp-block-spacer\"><\/div>\n\n\n\n<div class=\"wp-block-buttons is-layout-flex wp-block-buttons-is-layout-flex\">\n<div class=\"wp-block-button\"><a class=\"wp-block-button__link has-text-align-left wp-element-button\" href=\"https:\/\/www.lueneburgaktuell.de\/artikel\/3-etappe-mit-volldampf-richtung-landesgartenschauder-raddampfer-kaiser-wilhelm-auf-pfingst\/\">09.06.2025 &#8211; 3. Etappe: Mit Volldampf Richtung Landesgartenschau<\/a><\/div>\n<\/div>\n\n\n\n<div style=\"height:10px\" aria-hidden=\"true\" class=\"wp-block-spacer\"><\/div>\n\n\n\n<div class=\"wp-block-buttons is-layout-flex wp-block-buttons-is-layout-flex\">\n<div class=\"wp-block-button\"><a class=\"wp-block-button__link has-text-align-left wp-element-button\" href=\"https:\/\/www.lueneburgaktuell.de\/artikel\/pfingstfahrt-nach-brandenburg--mit-dem-kaiser-wilhelm-auf-der-havel\/\">10.06.2025 &#8211; 4. Etappe: Mit der Kaiser Wilhelm auf der Havel<\/a><\/div>\n<\/div>\n\n\n\n<div style=\"height:10px\" aria-hidden=\"true\" class=\"wp-block-spacer\"><\/div>\n\n\n\n<div class=\"wp-block-buttons is-layout-flex wp-block-buttons-is-layout-flex\">\n<div class=\"wp-block-button\"><a class=\"wp-block-button__link has-text-align-left wp-element-button\" href=\"https:\/\/www.lueneburgaktuell.de\/artikel\/5etappe-mit-dem-raddampfer-von-brandenburg-nach-magdeburg--10-juni-2025\/\">11.06.2025 &#8211; 5. Etappe: Mit dem Raddampfer von Brandenburg nach Magdeburg<\/a><\/div>\n<\/div>\n\n\n\n<div style=\"height:10px\" aria-hidden=\"true\" class=\"wp-block-spacer\"><\/div>\n\n\n\n<div class=\"wp-block-buttons is-layout-flex wp-block-buttons-is-layout-flex\">\n<div class=\"wp-block-button\"><a class=\"wp-block-button__link has-text-align-left wp-element-button\" href=\"https:\/\/www.lueneburgaktuell.de\/artikel\/6-etappe-dampferromantik-und-geschichte-zwischen-magdeburg-und-rosslau\/\">12.06.2025 &#8211; 6. Etappe: Dampferromantik zwischen Magdeburg und Ro\u00dflau<\/a><\/div>\n<\/div>\n\n\n\n<div style=\"height:10px\" aria-hidden=\"true\" class=\"wp-block-spacer\"><\/div>\n\n\n\n<div class=\"wp-block-buttons is-layout-flex wp-block-buttons-is-layout-flex\">\n<div class=\"wp-block-button\"><a class=\"wp-block-button__link has-text-align-left wp-element-button\" href=\"https:\/\/www.lueneburgaktuell.de\/artikel\/fahrt-mit-dem-raddampfer-kaiser-wilhelm-von-lauenburg-nach-dresden-hajo-boldt-berichtet-taegli\/\">13.06.2025 &#8211; 7: Etappe: Fahrt mit der Kaiser Wilhelm von Ro\u00dflau nach Wittenberge<\/a><\/div>\n<\/div>\n\n\n\n<div style=\"height:10px\" aria-hidden=\"true\" class=\"wp-block-spacer\"><\/div>\n\n\n\n<div class=\"wp-block-buttons is-layout-flex wp-block-buttons-is-layout-flex\">\n<div class=\"wp-block-button\"><a class=\"wp-block-button__link has-text-align-left wp-element-button\" href=\"https:\/\/www.lueneburgaktuell.de\/artikel\/mit-qualm-charme-und-schaufelraedern--kaiser-wilhelm-auf-nostalgietour\/\">14.06.2025 &#8211; 8. Etappe: Mit Qualm, Charme und Schaufelr\u00e4dern<\/a><\/div>\n<\/div>\n\n\n\n<div style=\"height:10px\" aria-hidden=\"true\" class=\"wp-block-spacer\"><\/div>\n\n\n\n<div class=\"wp-block-buttons is-layout-flex wp-block-buttons-is-layout-flex\">\n<div class=\"wp-block-button\"><a class=\"wp-block-button__link has-text-align-left wp-element-button\" href=\"https:\/\/www.lueneburgaktuell.de\/artikel\/mit-volldampf-durch-die-geschichte--raddampfer-kaiser-wilhelm-auf-grosser-elbefahrt-von-riesa-n\/\">15.06.2925 &#8211; 9. Etappe: Kaiser Wilhelm auf gro\u00dfer Elbefahrt<\/a><\/div>\n<\/div>\n\n\n\n<div style=\"height:10px\" aria-hidden=\"true\" class=\"wp-block-spacer\"><\/div>\n\n\n\n<div class=\"wp-block-buttons is-layout-flex wp-block-buttons-is-layout-flex\">\n<div class=\"wp-block-button\"><a class=\"wp-block-button__link wp-element-button\" href=\"https:\/\/www.lueneburgaktuell.de\/artikel\/fest-vertaeut-in-dresden--ein-dampfer-ein-denkmal-aber-kein-stilles-ende\/\">16.06.2025 &#8211; 10. Etappe: Fest vert\u00e4ut in Dresden<\/a><\/div>\n<\/div>\n\n\n\n<div style=\"height:100px\" aria-hidden=\"true\" class=\"wp-block-spacer\"><\/div>\n\n\n\n<p><\/p>\n","protected":false},"excerpt":{"rendered":"<p>L\u00fcneburg Aktuell: Auf gro\u00dfer Jubil\u00e4umsfahrt von Lauenburg nach Dresden.<\/p>\n","protected":false},"author":5,"featured_media":9737,"comment_status":"open","ping_status":"closed","sticky":false,"template":"","format":"standard","meta":{"footnotes":""},"categories":[13],"tags":[],"class_list":["post-9736","post","type-post","status-publish","format-standard","has-post-thumbnail","hentry","category-verlinkte-inhalte"],"_links":{"self":[{"href":"https:\/\/alaev-lueneburg.de\/alawordpress\/wp-json\/wp\/v2\/posts\/9736","targetHints":{"allow":["GET"]}}],"collection":[{"href":"https:\/\/alaev-lueneburg.de\/alawordpress\/wp-json\/wp\/v2\/posts"}],"about":[{"href":"https:\/\/alaev-lueneburg.de\/alawordpress\/wp-json\/wp\/v2\/types\/post"}],"author":[{"embeddable":true,"href":"https:\/\/alaev-lueneburg.de\/alawordpress\/wp-json\/wp\/v2\/users\/5"}],"replies":[{"embeddable":true,"href":"https:\/\/alaev-lueneburg.de\/alawordpress\/wp-json\/wp\/v2\/comments?post=9736"}],"version-history":[{"count":12,"href":"https:\/\/alaev-lueneburg.de\/alawordpress\/wp-json\/wp\/v2\/posts\/9736\/revisions"}],"predecessor-version":[{"id":9841,"href":"https:\/\/alaev-lueneburg.de\/alawordpress\/wp-json\/wp\/v2\/posts\/9736\/revisions\/9841"}],"wp:featuredmedia":[{"embeddable":true,"href":"https:\/\/alaev-lueneburg.de\/alawordpress\/wp-json\/wp\/v2\/media\/9737"}],"wp:attachment":[{"href":"https:\/\/alaev-lueneburg.de\/alawordpress\/wp-json\/wp\/v2\/media?parent=9736"}],"wp:term":[{"taxonomy":"category","embeddable":true,"href":"https:\/\/alaev-lueneburg.de\/alawordpress\/wp-json\/wp\/v2\/categories?post=9736"},{"taxonomy":"post_tag","embeddable":true,"href":"https:\/\/alaev-lueneburg.de\/alawordpress\/wp-json\/wp\/v2\/tags?post=9736"}],"curies":[{"name":"wp","href":"https:\/\/api.w.org\/{rel}","templated":true}]}}