{"id":9594,"date":"2024-12-05T07:42:00","date_gmt":"2024-12-05T06:42:00","guid":{"rendered":"https:\/\/alaev-lueneburg.de\/alawordpress\/?p=9594"},"modified":"2025-06-10T07:54:32","modified_gmt":"2025-06-10T05:54:32","slug":"historische-christmarkt-lueneburg","status":"publish","type":"post","link":"https:\/\/alaev-lueneburg.de\/alawordpress\/historische-christmarkt-lueneburg\/","title":{"rendered":"Historischer Christmarkt L\u00fcneburg"},"content":{"rendered":"\n<p class=\"has-colibri-color-6-color has-text-color has-link-color has-large-font-size wp-elements-ee36156bbb103745ed100f32aea68b25\">Historischer Christmarkt L\u00fcneburg<\/p>\n\n\n\n<p class=\"has-colibri-color-6-color has-text-color has-link-color wp-elements-5665c71fd81ba5781b05d0bf80f1cc49\">L\u00fcneburg Aktuell berichtet: Am 7. und 8. Dezember verwandelt der ALA die westliche Altstadt wieder in ein lebendiges Renaissance-Ensemble. Der Historische Christmarkt rund um St. Michaelis bietet traditionelles Handwerk, Kulinarik und weihnachtliche Atmosph\u00e4re \u2013 der Erl\u00f6s flie\u00dft in den Denkmalschutz.<\/p>\n\n\n\n<div style=\"height:20px\" aria-hidden=\"true\" class=\"wp-block-spacer\"><\/div>\n\n\n\n<div class=\"wp-block-buttons is-layout-flex wp-block-buttons-is-layout-flex\">\n<div class=\"wp-block-button\"><a class=\"wp-block-button__link wp-element-button\" href=\"https:\/\/www.lueneburgaktuell.de\/artikel\/derhistorischechristmarktlueneburg\/\">Mehr lesen bei L\u00fcneburg Aktuell<\/a><\/div>\n<\/div>\n\n\n\n<div style=\"height:20px\" aria-hidden=\"true\" class=\"wp-block-spacer\"><\/div>\n\n\n\n<p class=\"has-colibri-color-6-color has-text-color has-link-color has-large-font-size wp-elements-e6ac7d86d66e14f116e255230820a3d9\">Bei Fackelschein und Kerzenlicht<\/p>\n\n\n\n<p class=\"has-colibri-color-6-color has-text-color has-link-color wp-elements-a94ad8ac722d83f21dd9e173bd91dbe0\">L\u00fcneburg Aktuell berichtet: Der ALA l\u00e4dt zum Historischen Christmarkt \u2013 mit authentischen Budengassen, traditionellem Handwerk und regionaler K\u00fcche. Der Erl\u00f6s unterst\u00fctzt die Restaurierung der Turmspitze Reichenbachstra\u00dfe 11. Musik, Kerzenlicht und vegetarische \u201eHeydelinge\u201c runden das Erlebnis ab.<\/p>\n\n\n\n<div style=\"height:20px\" aria-hidden=\"true\" class=\"wp-block-spacer\"><\/div>\n\n\n\n<div class=\"wp-block-buttons is-layout-flex wp-block-buttons-is-layout-flex\">\n<div class=\"wp-block-button\"><a class=\"wp-block-button__link wp-element-button\" href=\"https:\/\/www.lueneburgaktuell.de\/artikel\/beifackelscheinundkerzenlicht\/\">Mehr lesen bei L\u00fcneburg Aktuell<\/a><\/div>\n<\/div>\n\n\n\n<div style=\"height:20px\" aria-hidden=\"true\" class=\"wp-block-spacer\"><\/div>\n\n\n\n<p><\/p>\n","protected":false},"excerpt":{"rendered":"<p>L\u00fcneburg Aktuell: Am 7. und 8. Dezember verwandelt der ALA die Altstadt wieder in ein lebendiges Renaissance-Ensemble.<\/p>\n","protected":false},"author":5,"featured_media":9595,"comment_status":"open","ping_status":"closed","sticky":false,"template":"","format":"standard","meta":{"footnotes":""},"categories":[13],"tags":[],"class_list":["post-9594","post","type-post","status-publish","format-standard","has-post-thumbnail","hentry","category-verlinkte-inhalte"],"_links":{"self":[{"href":"https:\/\/alaev-lueneburg.de\/alawordpress\/wp-json\/wp\/v2\/posts\/9594","targetHints":{"allow":["GET"]}}],"collection":[{"href":"https:\/\/alaev-lueneburg.de\/alawordpress\/wp-json\/wp\/v2\/posts"}],"about":[{"href":"https:\/\/alaev-lueneburg.de\/alawordpress\/wp-json\/wp\/v2\/types\/post"}],"author":[{"embeddable":true,"href":"https:\/\/alaev-lueneburg.de\/alawordpress\/wp-json\/wp\/v2\/users\/5"}],"replies":[{"embeddable":true,"href":"https:\/\/alaev-lueneburg.de\/alawordpress\/wp-json\/wp\/v2\/comments?post=9594"}],"version-history":[{"count":4,"href":"https:\/\/alaev-lueneburg.de\/alawordpress\/wp-json\/wp\/v2\/posts\/9594\/revisions"}],"predecessor-version":[{"id":9599,"href":"https:\/\/alaev-lueneburg.de\/alawordpress\/wp-json\/wp\/v2\/posts\/9594\/revisions\/9599"}],"wp:featuredmedia":[{"embeddable":true,"href":"https:\/\/alaev-lueneburg.de\/alawordpress\/wp-json\/wp\/v2\/media\/9595"}],"wp:attachment":[{"href":"https:\/\/alaev-lueneburg.de\/alawordpress\/wp-json\/wp\/v2\/media?parent=9594"}],"wp:term":[{"taxonomy":"category","embeddable":true,"href":"https:\/\/alaev-lueneburg.de\/alawordpress\/wp-json\/wp\/v2\/categories?post=9594"},{"taxonomy":"post_tag","embeddable":true,"href":"https:\/\/alaev-lueneburg.de\/alawordpress\/wp-json\/wp\/v2\/tags?post=9594"}],"curies":[{"name":"wp","href":"https:\/\/api.w.org\/{rel}","templated":true}]}}