{"id":7015,"date":"2025-03-05T08:05:00","date_gmt":"2025-03-05T07:05:00","guid":{"rendered":"https:\/\/alaev-lueneburg.de\/alawordpress\/?p=7015"},"modified":"2026-04-01T10:44:20","modified_gmt":"2026-04-01T08:44:20","slug":"mitgliederversammlung-2025","status":"publish","type":"post","link":"https:\/\/alaev-lueneburg.de\/alawordpress\/mitgliederversammlung-2025\/","title":{"rendered":"Mitgliederversammlung 2026"},"content":{"rendered":"\n<p class=\"has-colibri-color-6-color has-text-color has-link-color has-large-font-size wp-elements-9f7db043c014bf04b620acd40a785d44\"><strong>Mitgliederversammlung 2026<\/strong><\/p>\n\n\n\n<p class=\"has-colibri-color-6-color has-text-color has-link-color wp-elements-69b56b299c1480e0d97a95a6efef037d\"><strong>Datum und Uhrzeit<\/strong><br>29. April 2026 um 19:00 Uhr.<br><br><strong>Ort<\/strong><br>Br\u00f6msehaus<br>Am Berge 35<br>21335 L\u00fcneburg<br><br><strong>\u00dcberblick<\/strong><br>Alle Mitglieder des ALA sind herzlich eingeladen, an diesem wichtigen Termin teilzunehmen und sich aktiv an der Zukunft des Vereins zu beteiligen. Auf der Tagesordnung stehen unter anderem die Berichte des Vorstands und der Kassenpr\u00fcfer, die Entlastung des Vorstands sowie Neuwahlen. Zudem werden eingereichte Antr\u00e4ge diskutiert und abgestimmt. Die Versammlung bietet eine gute Gelegenheit, sich \u00fcber laufende Projekte und zuk\u00fcnftige Vorhaben auszutauschen und eigene Ideen einzubringen. Der ALA-Vorstand freut sich \u00fcber zahlreiches Erscheinen.<\/p>\n\n\n\n<p><\/p>\n","protected":false},"excerpt":{"rendered":"<p>29. April 2026 um 19:00 Uhr.<\/p>\n","protected":false},"author":5,"featured_media":3192,"comment_status":"open","ping_status":"closed","sticky":false,"template":"","format":"standard","meta":{"footnotes":""},"categories":[8],"tags":[],"class_list":["post-7015","post","type-post","status-publish","format-standard","has-post-thumbnail","hentry","category-termine"],"_links":{"self":[{"href":"https:\/\/alaev-lueneburg.de\/alawordpress\/wp-json\/wp\/v2\/posts\/7015","targetHints":{"allow":["GET"]}}],"collection":[{"href":"https:\/\/alaev-lueneburg.de\/alawordpress\/wp-json\/wp\/v2\/posts"}],"about":[{"href":"https:\/\/alaev-lueneburg.de\/alawordpress\/wp-json\/wp\/v2\/types\/post"}],"author":[{"embeddable":true,"href":"https:\/\/alaev-lueneburg.de\/alawordpress\/wp-json\/wp\/v2\/users\/5"}],"replies":[{"embeddable":true,"href":"https:\/\/alaev-lueneburg.de\/alawordpress\/wp-json\/wp\/v2\/comments?post=7015"}],"version-history":[{"count":10,"href":"https:\/\/alaev-lueneburg.de\/alawordpress\/wp-json\/wp\/v2\/posts\/7015\/revisions"}],"predecessor-version":[{"id":10824,"href":"https:\/\/alaev-lueneburg.de\/alawordpress\/wp-json\/wp\/v2\/posts\/7015\/revisions\/10824"}],"wp:featuredmedia":[{"embeddable":true,"href":"https:\/\/alaev-lueneburg.de\/alawordpress\/wp-json\/wp\/v2\/media\/3192"}],"wp:attachment":[{"href":"https:\/\/alaev-lueneburg.de\/alawordpress\/wp-json\/wp\/v2\/media?parent=7015"}],"wp:term":[{"taxonomy":"category","embeddable":true,"href":"https:\/\/alaev-lueneburg.de\/alawordpress\/wp-json\/wp\/v2\/categories?post=7015"},{"taxonomy":"post_tag","embeddable":true,"href":"https:\/\/alaev-lueneburg.de\/alawordpress\/wp-json\/wp\/v2\/tags?post=7015"}],"curies":[{"name":"wp","href":"https:\/\/api.w.org\/{rel}","templated":true}]}}