{"id":10772,"date":"2026-02-28T19:40:53","date_gmt":"2026-02-28T18:40:53","guid":{"rendered":"https:\/\/alaev-lueneburg.de\/alawordpress\/?p=10772"},"modified":"2026-04-05T21:57:57","modified_gmt":"2026-04-05T19:57:57","slug":"stadtgeschichten-febraur-2026","status":"publish","type":"post","link":"https:\/\/alaev-lueneburg.de\/alawordpress\/stadtgeschichten-febraur-2026\/","title":{"rendered":"Stadtgeschichten Februar 2026"},"content":{"rendered":"\n<p>Liebe Leserinnen und liebe Leser,<\/p>\n\n\n\n<p>\u201eIch bin ein sch\u00f6n\u2018 Mann\u201c sagte der Bauarbeiter und stellte sich vor meine Kamera. Dabei wollte ich eigentlich die Baugrube fotografieren! Nun, so viel Selbstbewusstsein soll belohnt werden und so kommt der flei\u00dfige Mann auf Seite 1\u2026<\/p>\n\n\n\n<figure class=\"wp-block-image size-full\"><img loading=\"lazy\" decoding=\"async\" width=\"794\" height=\"768\" src=\"https:\/\/alaev-lueneburg.de\/alawordpress\/wp-content\/uploads\/2026\/03\/01-02-2026.jpg\" alt=\"\" class=\"wp-image-10775\" srcset=\"https:\/\/alaev-lueneburg.de\/alawordpress\/wp-content\/uploads\/2026\/03\/01-02-2026.jpg 794w, https:\/\/alaev-lueneburg.de\/alawordpress\/wp-content\/uploads\/2026\/03\/01-02-2026-300x290.jpg 300w, https:\/\/alaev-lueneburg.de\/alawordpress\/wp-content\/uploads\/2026\/03\/01-02-2026-768x743.jpg 768w\" sizes=\"auto, (max-width: 794px) 100vw, 794px\" \/><\/figure>\n\n\n\n<p>Die Bauarbeiten auf den S\u00fclzwiesen zur Erneuerung der Stromversorgung legen einen L\u00e4ngs-schnitt durch den Erdboden frei. Man sieht nur eine ganz d\u00fcnne Humusschicht und darunter kei-nen Mutterboden, sondern ganz helles Material. Die S\u00fclzwiesen sind offensichtlich aufgesch\u00fcttet worden. Dies best\u00e4tigte eine Mitteilung der Stadt L\u00fcneburg vom 20.11.1925 an das Landesamt f\u00fcr Arbeitsvermittlung Hannover. Dort hei\u00dft es: \u201eZur Bek\u00e4mpfung der Arbeitslosigkeit beabsichtigen wir, die tiefgelegene S\u00fclzwiese f\u00fcr die Herstellung von Sport- und Spielst\u00e4tten aufzuh\u00f6hen.\u201c Es sollen 150 \u2013 200 Erwerbslose besch\u00e4ftigt werden.\u201c Der Stundenlohn wurde auf 56 Pfennig festge-setzt (Stadtarchiv LG, Sa-1696).<\/p>\n\n\n\n<p>Mancher hat sich vielleicht auch schon gefragt, warum diese gro\u00dfe zentrale Fl\u00e4che nicht bebaut wurde. Auch auf diese Frage gibt es eine Antwort: Die S\u00fclzwiese liegt auf einem Salzstock, der schon in 38,3 m Tiefe beginnt. Das Steinsalz wurde eine Zeit lang von der Saline abgelaugt, es ent-stand eine Kaverne von 40x40x90 m, die auch heute noch als verf\u00fcllter Hohlraum vorhanden ist. Dennoch wurden die S\u00fclzwiesen vielf\u00e4ltig genutzt. 1939 wurden dort Barackenlager f\u00fcr 300-400 Kriegsgefangene errichtet. Auf der Festwiese fand in der Zeit der Nationalsozialisten ein gro\u00dfes Gaufest mit vielen Attraktionen f\u00fcr die Bev\u00f6lkerung statt. Und nach dem 2. Weltkrieg wurden auf den S\u00fclzwiesen Vertriebene aus den deutschen Ostgebieten in sog. Nissenh\u00fctte untergebracht. Das waren Wellblechh\u00fctten f\u00fcr 4-6 Personen. Nissen sind \u00fcbrigens Kopfl\u00e4use.<br>Zuvor lagen die S\u00fclzwiesen in der Mitte von Industriebetrieben: Gegen\u00fcber am Grasweg produ-zierten die Werke der Pieper &amp; Blunck G.m.b.H D\u00fcngekalk f\u00fcr die Landwirtschaft und Maurerkalk (Pieperweg ist danach benannt). Verarbeitet wurden die Kalkvorkommen aus den Gruben Vol-gershall, Schildstein und B\u00f6gelstra\u00dfe (\u00f6stlich Klinikum). Eine Industriebahn entlang der J\u00e4gerstra-\u00dfe sorgte f\u00fcr den Transport.<\/p>\n\n\n\n<figure class=\"wp-block-image size-full\"><img loading=\"lazy\" decoding=\"async\" width=\"1024\" height=\"626\" src=\"https:\/\/alaev-lueneburg.de\/alawordpress\/wp-content\/uploads\/2026\/03\/StadtALg_BS_3804.jpg\" alt=\"\" class=\"wp-image-10778\" srcset=\"https:\/\/alaev-lueneburg.de\/alawordpress\/wp-content\/uploads\/2026\/03\/StadtALg_BS_3804.jpg 1024w, https:\/\/alaev-lueneburg.de\/alawordpress\/wp-content\/uploads\/2026\/03\/StadtALg_BS_3804-300x183.jpg 300w, https:\/\/alaev-lueneburg.de\/alawordpress\/wp-content\/uploads\/2026\/03\/StadtALg_BS_3804-768x470.jpg 768w\" sizes=\"auto, (max-width: 1024px) 100vw, 1024px\" \/><\/figure>\n\n\n\n<p>1857 wurde s\u00fcdlich der D\u00fcngekalkfabrik (heute \u201eAm wei\u00dfen Turm\u201c) eine Chemische Fabrik in Betrieb genommen, die die \u201eAbfallprodukte\u201c der Saline zu Soda und Schwefels\u00e4ure uvm. verarbei-tete. Die Fabrik ist 1906 abgebrannt und wurde sp\u00e4ter \u201eIn der Marsch\u201c weitergef\u00fchrt.<\/p>\n\n\n\n<figure class=\"wp-block-image size-full\"><img loading=\"lazy\" decoding=\"async\" width=\"794\" height=\"768\" src=\"https:\/\/alaev-lueneburg.de\/alawordpress\/wp-content\/uploads\/2026\/03\/03-02-2026.jpg\" alt=\"\" class=\"wp-image-10777\" srcset=\"https:\/\/alaev-lueneburg.de\/alawordpress\/wp-content\/uploads\/2026\/03\/03-02-2026.jpg 794w, https:\/\/alaev-lueneburg.de\/alawordpress\/wp-content\/uploads\/2026\/03\/03-02-2026-300x290.jpg 300w, https:\/\/alaev-lueneburg.de\/alawordpress\/wp-content\/uploads\/2026\/03\/03-02-2026-768x743.jpg 768w\" sizes=\"auto, (max-width: 794px) 100vw, 794px\" \/><\/figure>\n\n\n\n<p>\u00d6stlich der S\u00fclzwiesen dampften weiterhin die Schlote der Saline, auf dem Kalkberg wurde Anhyd-rid abgebaut und zu Gips verarbeitet und dies alles im Stadtgebiet. Wer sich f\u00fcr dieses Kapitel L\u00fc-neburger Geschichte interessiert, kann sich in dem neuen Buch-Manuskript von Tilman K\u00fcntzel \u201eIm Westen \u2013 L\u00fcneburg, Blick hinter die Kulissen\u201c bestens informieren (Ratsb\u00fccherei oder beim Autor bestellen t.kuentzel@online.de ). Lohnt sich!<\/p>\n\n\n<div class=\"wp-block-image is-style-default image_right\">\n<figure class=\"alignright size-full is-resized\"><img loading=\"lazy\" decoding=\"async\" width=\"892\" height=\"768\" src=\"https:\/\/alaev-lueneburg.de\/alawordpress\/wp-content\/uploads\/2026\/03\/Kamele-und-James-Grieve-2019-09-23-004.jpg\" alt=\"\" class=\"wp-image-10780\" style=\"width:279px;height:auto\" srcset=\"https:\/\/alaev-lueneburg.de\/alawordpress\/wp-content\/uploads\/2026\/03\/Kamele-und-James-Grieve-2019-09-23-004.jpg 892w, https:\/\/alaev-lueneburg.de\/alawordpress\/wp-content\/uploads\/2026\/03\/Kamele-und-James-Grieve-2019-09-23-004-300x258.jpg 300w, https:\/\/alaev-lueneburg.de\/alawordpress\/wp-content\/uploads\/2026\/03\/Kamele-und-James-Grieve-2019-09-23-004-768x661.jpg 768w\" sizes=\"auto, (max-width: 892px) 100vw, 892px\" \/><\/figure><\/div>\n\n\n<p>Heute sind die S\u00fclzwiesen Teil des europ\u00e4ischen Schutzgebietes Natura 2000. Sie werden \u00f6kolo-gisch gepflegt und die Luft ist wieder rein. Gerne vergn\u00fcgen wir uns dort auf dem Rummelplatz, bei Open-air-Konzerten, Flohm\u00e4rkten, Zirkus (siehe rechts), Messen und beim Start von Drachen und Hei\u00dfluftballons. Ostw\u00e4rts befindet sich ein beliebter Wohnmobil-Stellplatz und ein geb\u00fchren-freier Parkplatz f\u00fcr Busse und Innenstadtbesucher. Hunde haben eine Tobefl\u00e4che und Kamele sch\u00e4tzen das frische Gras (das ist kein KI-Foto!) \u20262\u2026<\/p>\n\n\n\n<p>Vom Westen geht es jetzt in den Osten der Stadt, in das \u201eSanierungsgebiet westliches Wasservier-tel.\u201c Dort erkundete am 8. Februar 26 eine tapfere Gruppe durchgefrorener Lokalpatriot*innen das grau verhangene Quartier und h\u00f6rte sich gruselige Geschichten \u00fcber Brandstiftungen, Dro-genhandel, Verfall, Ratten und M\u00fcllberge an (das war mein Beitrag als ehem. Anwohnerin).<\/p>\n\n\n<div class=\"wp-block-image is-style-default image_left\">\n<figure class=\"alignleft size-full is-resized\"><img loading=\"lazy\" decoding=\"async\" width=\"794\" height=\"768\" src=\"https:\/\/alaev-lueneburg.de\/alawordpress\/wp-content\/uploads\/2026\/03\/04-02-2026.jpg\" alt=\"\" class=\"wp-image-10774\" style=\"width:195px;height:auto\" srcset=\"https:\/\/alaev-lueneburg.de\/alawordpress\/wp-content\/uploads\/2026\/03\/04-02-2026.jpg 794w, https:\/\/alaev-lueneburg.de\/alawordpress\/wp-content\/uploads\/2026\/03\/04-02-2026-300x290.jpg 300w, https:\/\/alaev-lueneburg.de\/alawordpress\/wp-content\/uploads\/2026\/03\/04-02-2026-768x743.jpg 768w\" sizes=\"auto, (max-width: 794px) 100vw, 794px\" \/><\/figure><\/div>\n\n<div class=\"wp-block-image is-style-default image_right\">\n<figure class=\"alignright size-full is-resized\"><img loading=\"lazy\" decoding=\"async\" width=\"794\" height=\"768\" src=\"https:\/\/alaev-lueneburg.de\/alawordpress\/wp-content\/uploads\/2026\/03\/02-02-2026.jpg\" alt=\"\" class=\"wp-image-10776\" style=\"width:197px;height:auto\" srcset=\"https:\/\/alaev-lueneburg.de\/alawordpress\/wp-content\/uploads\/2026\/03\/02-02-2026.jpg 794w, https:\/\/alaev-lueneburg.de\/alawordpress\/wp-content\/uploads\/2026\/03\/02-02-2026-300x290.jpg 300w, https:\/\/alaev-lueneburg.de\/alawordpress\/wp-content\/uploads\/2026\/03\/02-02-2026-768x743.jpg 768w\" sizes=\"auto, (max-width: 794px) 100vw, 794px\" \/><\/figure><\/div>\n\n\n<p>Unsere Zeitzeugen waren hier die Lichtblicke. Andr\u00e9 Witte zeigte uns, wo sich gerade ein renovie-rungsbed\u00fcrftiges Haus in ein Schmuckst\u00fcck verwandelt (rechts). Hajo Boldt lie\u00df uns in einen wundersch\u00f6nen Flur hineinschauen (das Haus steht seit einem Brand leer), unser Ewer-Kapit\u00e4n Jens-Peter Fiedler erz\u00e4hlte kein Seemannsgarn sondern die beeindruckende Geschichte vom Bau des Ilmenau-Ewers und Ulrike Steinecke berichtete, dass sie und ihr Mann gerne in ihrem Haus am Fischmarkt leben. In der M\u00e4lzer M\u00fchle haben wir uns wunderbar aufgew\u00e4rmt und bei Kaffee und Kuchen weitere Stadtgeschichten ausgetauscht. Wir werden diese F\u00fchrung am 22.03.26 noch einmal wiederholen. Es sind nur noch wenige Pl\u00e4tze frei.<\/p>\n\n\n<div class=\"wp-block-image is-style-default image_right\">\n<figure class=\"alignright size-full is-resized\"><img loading=\"lazy\" decoding=\"async\" width=\"1024\" height=\"678\" src=\"https:\/\/alaev-lueneburg.de\/alawordpress\/wp-content\/uploads\/2026\/03\/IMG_5303.jpg\" alt=\"\" class=\"wp-image-10779\" style=\"width:337px;height:auto\" srcset=\"https:\/\/alaev-lueneburg.de\/alawordpress\/wp-content\/uploads\/2026\/03\/IMG_5303.jpg 1024w, https:\/\/alaev-lueneburg.de\/alawordpress\/wp-content\/uploads\/2026\/03\/IMG_5303-300x199.jpg 300w, https:\/\/alaev-lueneburg.de\/alawordpress\/wp-content\/uploads\/2026\/03\/IMG_5303-768x509.jpg 768w\" sizes=\"auto, (max-width: 1024px) 100vw, 1024px\" \/><\/figure><\/div>\n\n\n<p>Zur Vorbereitung habe ich den Rahmenplan f\u00fcr das Sanierungsgebiet Wasserviertel studiert https:\/\/www.hansestadt-lueneburg.de\/bauen-und-mobilitaet\/sanierungsgebiete\/sanierungsgebiet-wasserviertel.html. Das ist sehr interessant. Das Sanierungsgebiet ist nicht identisch mit der historischen Aufteilung der Innenstadt in Markt-, Sand-, Wasser- und Salzviertel. Zum \u201eSanierungsgebiet Wasserviertel\u201c geh\u00f6ren z. B. auch das Rathaus, der Marienplatz, die Bardowicker Mauer und die Wallanlagen. Dagegen ist die Reichenbachstra\u00dfe nur zur H\u00e4lfte Sanierungsgebiet. Lesen Sie selbst, warum. Der Sanierungsbedarf ist wirklich gro\u00df: von 290 Geb\u00e4uden sind 130 sanierungsbed\u00fcrftig, davon alleine 43 mit gro\u00dfem oder dringendem Sanierungsbedarf. Nur 34 H\u00e4user wurden nach dem 2. Weltkrieg gebaut. Die meisten Geb\u00e4ude stehen unter Denkmalschutz.<\/p>\n\n\n<div class=\"wp-block-image is-style-default image_right\">\n<figure class=\"alignright size-full is-resized\"><img loading=\"lazy\" decoding=\"async\" width=\"576\" height=\"768\" src=\"https:\/\/alaev-lueneburg.de\/alawordpress\/wp-content\/uploads\/2026\/03\/IMG_4470.jpg\" alt=\"\" class=\"wp-image-10781\" style=\"width:187px;height:auto\" srcset=\"https:\/\/alaev-lueneburg.de\/alawordpress\/wp-content\/uploads\/2026\/03\/IMG_4470.jpg 576w, https:\/\/alaev-lueneburg.de\/alawordpress\/wp-content\/uploads\/2026\/03\/IMG_4470-225x300.jpg 225w\" sizes=\"auto, (max-width: 576px) 100vw, 576px\" \/><\/figure><\/div>\n\n\n<p>Besonders freuen wir uns als ALA, wenn eine Renovierung und Restaurierung abgeschlossen und gelungen ist. Bei unserem Baustellenbesuch im November konnten wir uns noch nicht vorstellen, wie der Edeka-Markt Wist in ein Caf\u00e9 mit B\u00e4ckerei und mit intergierten wertvollen Deckenmale-reien verwandelt werden kann. Nun- sehen Sie selbst. Oder besser noch \u2013 nehmen Sie Platz und genie\u00dfen Sie.<\/p>\n\n\n\n<p><\/p>\n\n\n\n<p><\/p>\n\n\n\n<p><\/p>\n\n\n\n<p><strong>Wie immer folgen zum Schluss einige Veranstaltungshinweise:<\/strong><\/p>\n\n\n\n<ul class=\"wp-block-list\">\n<li>Am Donnerstag, dem 05.03.26 ab 19:00 Uhr trifft sich der ALA-Stammtisch im Kapitelsaal. Jeder ist herzlich willkommen und erf\u00e4hrt dort die neuesten Neuigkeiten aus der Altstadt.<\/li>\n\n\n\n<li>Am Sonnabend, dem 07.03.26 wird im Stadtarchiv eine Ausstellung mit dem Titel \u201eAlte Heimat, neue Heimat\u201c er\u00f6ffnet. Es gibt auch Heimatvertriebene innerhalb der Stadt! Die Bewohner der Altstadth\u00e4user, die wegen der Senkungssch\u00e4den abgerissen wurden \u2013 wo und wie leben sie jetzt?<\/li>\n\n\n\n<li>Am Donnerstag, dem 12.03.26 um 18:30 Uhr l\u00e4dt das Ortskuratorium der Deutschen Stif-tung Denkmalschutz in das Gemeindehaus St. Nicolai ein. Dort h\u00e4lt der ehemalige Superin-tendent Dr. Christoph Wiesenfeldt einen Vortrag mit dem Thema \u201eDie Restaurierung der St. Nicolai Kirche im 19. Jahrhundert\u201c. N\u00e4heres erfahren sie unter dem angef\u00fcgten Link. https:\/\/www.denkmalschutz.de\/ueber-uns\/ortskuratorien\/ortskuratorium-lueneburg\/detail\/12-03-2026-die-restaurierung-der-nicolaikirche-im-19-jahrhundert.html<\/li>\n<\/ul>\n\n\n\n<p>Nun soll es gen\u00fcgen. Sonst bleibt ja gar keine Zeit, die Sonne und den Fr\u00fchling zu genie\u00dfen. Im Kalender eintragen: Natur statt Kultur!<\/p>\n\n\n\n<p>Herzlichen Gr\u00fc\u00dfe von<br>Magdalena Deutschmann<br>stadtgeschichten@alaev-lueneburg.de<br>c\/o ALA, Untere Ohlingerstra\u00dfe 7<br>21335 L\u00fcneburg<br>Telefon Montags 15-17:00 Uhr 04131 267727<\/p>\n\n\n\n<p><\/p>\n","protected":false},"excerpt":{"rendered":"<p>\u201eIch bin ein sch\u00f6n\u2018 Mann\u201c sagte der Bauarbeiter und stellte sich vor meine Kamera.<\/p>\n","protected":false},"author":6,"featured_media":10785,"comment_status":"open","ping_status":"closed","sticky":false,"template":"","format":"standard","meta":{"footnotes":""},"categories":[6],"tags":[],"class_list":["post-10772","post","type-post","status-publish","format-standard","has-post-thumbnail","hentry","category-stadtgeschichten"],"_links":{"self":[{"href":"https:\/\/alaev-lueneburg.de\/alawordpress\/wp-json\/wp\/v2\/posts\/10772","targetHints":{"allow":["GET"]}}],"collection":[{"href":"https:\/\/alaev-lueneburg.de\/alawordpress\/wp-json\/wp\/v2\/posts"}],"about":[{"href":"https:\/\/alaev-lueneburg.de\/alawordpress\/wp-json\/wp\/v2\/types\/post"}],"author":[{"embeddable":true,"href":"https:\/\/alaev-lueneburg.de\/alawordpress\/wp-json\/wp\/v2\/users\/6"}],"replies":[{"embeddable":true,"href":"https:\/\/alaev-lueneburg.de\/alawordpress\/wp-json\/wp\/v2\/comments?post=10772"}],"version-history":[{"count":12,"href":"https:\/\/alaev-lueneburg.de\/alawordpress\/wp-json\/wp\/v2\/posts\/10772\/revisions"}],"predecessor-version":[{"id":10799,"href":"https:\/\/alaev-lueneburg.de\/alawordpress\/wp-json\/wp\/v2\/posts\/10772\/revisions\/10799"}],"wp:featuredmedia":[{"embeddable":true,"href":"https:\/\/alaev-lueneburg.de\/alawordpress\/wp-json\/wp\/v2\/media\/10785"}],"wp:attachment":[{"href":"https:\/\/alaev-lueneburg.de\/alawordpress\/wp-json\/wp\/v2\/media?parent=10772"}],"wp:term":[{"taxonomy":"category","embeddable":true,"href":"https:\/\/alaev-lueneburg.de\/alawordpress\/wp-json\/wp\/v2\/categories?post=10772"},{"taxonomy":"post_tag","embeddable":true,"href":"https:\/\/alaev-lueneburg.de\/alawordpress\/wp-json\/wp\/v2\/tags?post=10772"}],"curies":[{"name":"wp","href":"https:\/\/api.w.org\/{rel}","templated":true}]}}