{"id":10721,"date":"2026-02-02T11:29:06","date_gmt":"2026-02-02T10:29:06","guid":{"rendered":"https:\/\/alaev-lueneburg.de\/alawordpress\/?p=10721"},"modified":"2026-02-11T05:34:06","modified_gmt":"2026-02-11T04:34:06","slug":"stadtgeschichten-januar-2026","status":"publish","type":"post","link":"https:\/\/alaev-lueneburg.de\/alawordpress\/stadtgeschichten-januar-2026\/","title":{"rendered":"Stadtgeschichten Januar 2026"},"content":{"rendered":"\n<h2 class=\"wp-block-heading\">Stadtgeschichten Januar 2026<\/h2>\n\n\n\n<p><strong>Liebe Leserinnen und liebe Leser,<\/strong><\/p>\n\n\n<div class=\"wp-block-image is-style-default image_left\">\n<figure class=\"alignleft size-full is-resized\"><img loading=\"lazy\" decoding=\"async\" width=\"400\" height=\"702\" src=\"https:\/\/alaev-lueneburg.de\/alawordpress\/wp-content\/uploads\/2026\/02\/005_2026.jpg\" alt=\"\" class=\"wp-image-10729\" style=\"width:69px;height:auto\" srcset=\"https:\/\/alaev-lueneburg.de\/alawordpress\/wp-content\/uploads\/2026\/02\/005_2026.jpg 400w, https:\/\/alaev-lueneburg.de\/alawordpress\/wp-content\/uploads\/2026\/02\/005_2026-171x300.jpg 171w\" sizes=\"auto, (max-width: 400px) 100vw, 400px\" \/><\/figure><\/div>\n\n\n<p>\u201eMillionen Babyboomer gehen in Rente\u201c. Der Begriff \u201eBabyboomer\u201c l\u00f6st momentan Panik aus. Wer soll die Renten bezahlen? Wer soll die Arbeitspl\u00e4tze besetzen? 1955 \u2013 1969 wurden in Deutschland ca. 15 000 000 Kinder geboren (Wirtschaftsaufschwung, die Pille gab es erst ab 1965). Der Generationenvertrag kippt.<\/p>\n\n\n<div class=\"wp-block-image is-style-default image_right\">\n<figure class=\"alignright size-full is-resized\"><img loading=\"lazy\" decoding=\"async\" width=\"400\" height=\"645\" src=\"https:\/\/alaev-lueneburg.de\/alawordpress\/wp-content\/uploads\/2026\/02\/006_2026.jpg\" alt=\"\" class=\"wp-image-10730\" style=\"width:91px;height:auto\" srcset=\"https:\/\/alaev-lueneburg.de\/alawordpress\/wp-content\/uploads\/2026\/02\/006_2026.jpg 400w, https:\/\/alaev-lueneburg.de\/alawordpress\/wp-content\/uploads\/2026\/02\/006_2026-186x300.jpg 186w\" sizes=\"auto, (max-width: 400px) 100vw, 400px\" \/><\/figure><\/div>\n\n\n<p>Es ist doch schade, dass die Menschen, die in den letzten 45 Jahren alles am Laufen gehalten haben, nur noch als Belastung dargestellt werden. &nbsp;Babyboomer &#8211; wir freuen uns auf euch! Wir wissen eure Erfahrung, euren Flei\u00df, eure Kreativit\u00e4t zu sch\u00e4tzen. Jetzt seid Ihr die neuen Zeitzeugen! Enkelkinder, Familienangeh\u00f6rige, Freunde und viele Vereine sind sehr froh, dass es euch gibt. Denn ohne die, die nach ihrem Erwerbsleben in Familie und im Ehrenamt f\u00fcr andere da sind, w\u00e4re es k\u00e4lter in unserer Stadt.<\/p>\n\n\n<div class=\"wp-block-image\">\n<figure class=\"alignleft size-full\"><img loading=\"lazy\" decoding=\"async\" width=\"800\" height=\"576\" src=\"https:\/\/alaev-lueneburg.de\/alawordpress\/wp-content\/uploads\/2026\/02\/001_2026.jpg\" alt=\"\" class=\"wp-image-10725\" srcset=\"https:\/\/alaev-lueneburg.de\/alawordpress\/wp-content\/uploads\/2026\/02\/001_2026.jpg 800w, https:\/\/alaev-lueneburg.de\/alawordpress\/wp-content\/uploads\/2026\/02\/001_2026-300x216.jpg 300w, https:\/\/alaev-lueneburg.de\/alawordpress\/wp-content\/uploads\/2026\/02\/001_2026-768x553.jpg 768w\" sizes=\"auto, (max-width: 800px) 100vw, 800px\" \/><\/figure><\/div>\n\n\n<p>Aber nicht nur die Generation Z und die Wirtschaft blicken besorgt in die Zukunft. Auch viele derjenigen, die jetzt in den \u201eRuhestand\u201c gehen, f\u00fcrchten die gro\u00dfe Umstellung: \u201eWerde ich mit nur 48% Rente (Pension 71,75%) meines bisherigen Einkommens meinen Lebensstandard halten k\u00f6nnen? Die durchschnittliche H\u00f6he der Rente liegt momentan bei 1100,00 \u20ac (Frauen 902,00 \u20ac, M\u00e4nner 1298,00 \u20ac), Pension durchschn. 2.600,00 \u20ac. W\u00e4re es nicht besser, eine kleinere Wohnung zu nehmen? Ist es nicht sinnvoll, vom Land wieder in die Stadt zu ziehen, wo Kontakte und Kultur leichter zu erreichen sind? Und so tr\u00e4umen viele von der kleinen gem\u00fctlichen Altstadtwohnung, bezahlbar und mit netter Nachbarschaft.<\/p>\n\n\n\n<p>Auch Student*innen; (max. Baf\u00f6g 855,00 \u20ac netto), Auszubildende und Grundsicherungsempf\u00e4nger*innen tr\u00e4umen diesen Traum. So steht ein gro\u00dfer Bedarf einem kleinen Angebot gegen\u00fcber.<\/p>\n\n\n<div class=\"wp-block-image is-style-default image_left\">\n<figure class=\"alignleft size-full is-resized\"><img loading=\"lazy\" decoding=\"async\" width=\"400\" height=\"534\" src=\"https:\/\/alaev-lueneburg.de\/alawordpress\/wp-content\/uploads\/2026\/02\/007_2026.jpg\" alt=\"\" class=\"wp-image-10731\" style=\"width:181px;height:auto\" srcset=\"https:\/\/alaev-lueneburg.de\/alawordpress\/wp-content\/uploads\/2026\/02\/007_2026.jpg 400w, https:\/\/alaev-lueneburg.de\/alawordpress\/wp-content\/uploads\/2026\/02\/007_2026-225x300.jpg 225w\" sizes=\"auto, (max-width: 400px) 100vw, 400px\" \/><\/figure><\/div>\n\n\n<p>In der Bestandsstatistik (01\/24) sind f\u00fcr das Gebiet Altstadt 5731 Bewohner*innen verzeichnet. Davon 4127 nicht verheiratet. Das l\u00e4sst auf viele kleine Wohnungen schlie\u00dfen. Was sich allerdings ver\u00e4ndert hat sind die (gesetzlichen) Anspr\u00fcche an Gr\u00f6\u00dfe und Ausstattung. 1990 war die Wohnfl\u00e4che pro Person noch mit 35 m2 ausgewiesen, heute sind es 45 m2, jede weitere Person plus 15 m2. Auch w\u00fcrde kaum eine kleine Altstadtwohnung den heutigen Standards gen\u00fcgen. Erfahrungen in vielen Altbauwohnungen der unteren Preisklasse: W\u00e4rmed\u00e4mmung: Fehlanzeige, Balkon, Terrasse: Fehlanzeige, behindertengerecht: Fehlanzeige, Doppelfenster: oft Fehlanzeige, Einbauk\u00fcche: oft Fehlanzeige, Komfort im Badezimmer: oft Fehlanzeige usw. Vielmehr: Sehr steile Treppen, undichte Fenster, Klo in vielen Altstadth\u00e4usern noch separat (alte Bewohner erinnern sich an Klos im Hof), W\u00e4nde so d\u00fcnn, dass der Nachbar mith\u00f6ren kann. Nat\u00fcrlich gibt es auch sch\u00f6ne Wohnungen in der Altstadt, zum Beispiel Ferienwohnungen&#8230;<\/p>\n\n\n\n<p>In der Zukunftswerkstatt \u201eEffiziente Wohnraumnutzung im Bestand\u201c stellte Referent Arthur Haus von der GR\u00dcNEN LIGA Berlin einige interessante Zahlen f\u00fcr L\u00fcneburg vor: So sind ca. \u00bc aller Wohnungen theoretisch unterbelegt. Es wurde auch dargestellt wie gro\u00dfe und kleine Wohnungen in den Stadtvierteln verteilt sind. Erstaunlich: Die Wohnzufriedenheit ist unabh\u00e4ngig von der Gr\u00f6\u00dfe der Wohnung! Mit Einverst\u00e4ndnis von Herrn Haus kann ich Ihnen diese Unterlagen gerne mailen. <strong>Der Fachbereich Stadtentwicklung und das Wohnraumb\u00fcro laden am 25.02.26 um 18:00 Uhr zum Thema \u201eWohnen in der Innenstadt?!\u201c alle Interessierten in das TamTam (Bardowicker Stra\u00dfe) ein. <\/strong>Ein Einladungstext ist angef\u00fcgt. Fragen zum Thema beantwortet auch gerne das Wohnraumb\u00fcro im Dialograum, Grapengie\u00dferstra\u00dfe 47.<\/p>\n\n\n<div class=\"wp-block-image is-style-default image_left\">\n<figure class=\"alignleft size-full is-resized\"><img loading=\"lazy\" decoding=\"async\" width=\"400\" height=\"534\" src=\"https:\/\/alaev-lueneburg.de\/alawordpress\/wp-content\/uploads\/2026\/02\/009_2026.jpg\" alt=\"\" class=\"wp-image-10733\" style=\"width:206px;height:auto\" srcset=\"https:\/\/alaev-lueneburg.de\/alawordpress\/wp-content\/uploads\/2026\/02\/009_2026.jpg 400w, https:\/\/alaev-lueneburg.de\/alawordpress\/wp-content\/uploads\/2026\/02\/009_2026-225x300.jpg 225w\" sizes=\"auto, (max-width: 400px) 100vw, 400px\" \/><\/figure><\/div>\n\n\n<p>Nun gibt es sicher Einige, die sagen: Komfort und Romantik und undichte Fenster sind mir egal, ich brauche eine Wohnung! Und manchmal klappt es dann auch. Und das sieht dann so aus: links \u201eHurra! Wohnung gefunden!\u201c<\/p>\n\n\n\n<p>Im Wettbewerb um bezahlbaren Wohnraum werden meist die verdr\u00e4ngt, die ihn vielleicht am n\u00f6tigsten haben. Obwohl wir sie fast t\u00e4glich sehen. Denn sie haben keine Wohnung, in die sie sich zur\u00fcckziehen k\u00f6nnen: Die Wohnungslosen. Ca. 100 von ihnen sind beherbergt in der Herberge plus oder in Gemeinschaftsunterk\u00fcnften. Gerade wird um eine Tagesaufenthaltsm\u00f6glichkeit gerungen.<\/p>\n\n\n\n<figure class=\"wp-block-image size-full is-resized\"><img loading=\"lazy\" decoding=\"async\" width=\"800\" height=\"600\" src=\"https:\/\/alaev-lueneburg.de\/alawordpress\/wp-content\/uploads\/2026\/02\/003_2026.jpg\" alt=\"\" class=\"wp-image-10727\" style=\"width:817px;height:auto\" srcset=\"https:\/\/alaev-lueneburg.de\/alawordpress\/wp-content\/uploads\/2026\/02\/003_2026.jpg 800w, https:\/\/alaev-lueneburg.de\/alawordpress\/wp-content\/uploads\/2026\/02\/003_2026-300x225.jpg 300w, https:\/\/alaev-lueneburg.de\/alawordpress\/wp-content\/uploads\/2026\/02\/003_2026-768x576.jpg 768w\" sizes=\"auto, (max-width: 800px) 100vw, 800px\" \/><\/figure>\n\n\n\n<p>F\u00fcr 36 Wohnungslose gibt es einen Hoffnungsschimmer. Im Mai soll auf dem Gel\u00e4nde der Herberge plus ein neues Wohnhaus eingeweiht werden. Wir waren diese Woche vor Ort.<\/p>\n\n\n<div class=\"wp-block-image is-style-default image_right\">\n<figure class=\"alignright size-full is-resized\"><img loading=\"lazy\" decoding=\"async\" width=\"800\" height=\"559\" src=\"https:\/\/alaev-lueneburg.de\/alawordpress\/wp-content\/uploads\/2026\/02\/004_2026.jpg\" alt=\"\" class=\"wp-image-10728\" style=\"width:238px;height:auto\" srcset=\"https:\/\/alaev-lueneburg.de\/alawordpress\/wp-content\/uploads\/2026\/02\/004_2026.jpg 800w, https:\/\/alaev-lueneburg.de\/alawordpress\/wp-content\/uploads\/2026\/02\/004_2026-300x210.jpg 300w, https:\/\/alaev-lueneburg.de\/alawordpress\/wp-content\/uploads\/2026\/02\/004_2026-768x537.jpg 768w\" sizes=\"auto, (max-width: 800px) 100vw, 800px\" \/><\/figure><\/div>\n\n\n<p>Immer noch ist das Gel\u00e4nde mit den Erinnerungen an die ehemalige Kettenstrafanstalt verkn\u00fcpft. Dabei war dort ab 1931 die St\u00e4dtische Jugendherberge untergebracht: Zur Er\u00f6ffnung hie\u00df es: \u201eDass die St\u00e4tte der Verzweiflung und der Trauer verwandelt werden soll in einen Ort, an dem lebensfrohe Jugend sich tummelt und Kr\u00e4fte sammeln soll zum Bau an unserer Zukunft\u201c (L\u00fcneburgsche Anzeigen 15.01.31).<\/p>\n\n\n<div class=\"wp-block-image is-style-default image_left\">\n<figure class=\"alignleft size-full is-resized\"><img loading=\"lazy\" decoding=\"async\" width=\"600\" height=\"715\" src=\"https:\/\/alaev-lueneburg.de\/alawordpress\/wp-content\/uploads\/2026\/02\/002_2026.jpg\" alt=\"\" class=\"wp-image-10726\" style=\"width:225px;height:auto\" srcset=\"https:\/\/alaev-lueneburg.de\/alawordpress\/wp-content\/uploads\/2026\/02\/002_2026.jpg 600w, https:\/\/alaev-lueneburg.de\/alawordpress\/wp-content\/uploads\/2026\/02\/002_2026-252x300.jpg 252w\" sizes=\"auto, (max-width: 600px) 100vw, 600px\" \/><\/figure><\/div>\n\n\n<p>Die Jugend ist nun schon lange wieder weitergewandert aber das Haus ist offen geblieben. Die hohen Mauern des Gef\u00e4ngnisses wurde abgesenkt und sind nun wundersch\u00f6n restauriert von der Jugendbauh\u00fctte der Deutschen Stiftung Denkmalschutz. Das gro\u00dfe weit offene Tor ist eine Einladung, hinein zu kommen. Auf dem Gel\u00e4nde herrscht reger Betrieb: Kunden der Tiertafel holen gleich rechts das Futter f\u00fcr Hund und Katze. Gr\u00fcnwerker kurven mit ihren Transportern herum. Im Keller in der W\u00e4scherei wird geb\u00fcgelt und gemangelt und die Bauarbeiter am Neubau trotzen Frost und Schnee. <strong><u>D\u00f6rte Grimm vom Lebensraum Diakonie l\u00e4dt uns herzlich ein, uns nach der Einweihung im Mai durch das Gel\u00e4nde zu f\u00fchren<\/u><\/strong>. Ich erz\u00e4hle ihnen dann auch von der alten Kettenstrafanstalt und weitere Geschichten zu diesem besonderen Ort. Termin in einer der n\u00e4chsten Stadtgeschichten.<\/p>\n\n\n\n<p>Noch ein kleiner Mutmacher zum Schluss: Ich gehe oft an diesem Schild vorbei und sehe einen gro\u00dfen Wohnkomplex in die H\u00f6he wachsen. Bald werden die 41 Wohnungen (gef\u00f6rderter Mietwohnungsbau gegen\u00fcber L\u00fcWoBau) fertig sein.<\/p>\n\n\n\n<figure class=\"wp-block-image size-full\"><img loading=\"lazy\" decoding=\"async\" width=\"800\" height=\"549\" src=\"https:\/\/alaev-lueneburg.de\/alawordpress\/wp-content\/uploads\/2026\/02\/008_2026.jpg\" alt=\"\" class=\"wp-image-10732\" srcset=\"https:\/\/alaev-lueneburg.de\/alawordpress\/wp-content\/uploads\/2026\/02\/008_2026.jpg 800w, https:\/\/alaev-lueneburg.de\/alawordpress\/wp-content\/uploads\/2026\/02\/008_2026-300x206.jpg 300w, https:\/\/alaev-lueneburg.de\/alawordpress\/wp-content\/uploads\/2026\/02\/008_2026-768x527.jpg 768w\" sizes=\"auto, (max-width: 800px) 100vw, 800px\" \/><\/figure>\n\n\n\n<p>Wie immer zum Schluss einige Veranstaltungsinformationen: Unsere Wasserviertelf\u00fchrung am 08.02.26 ist mit 40 Personen ausgebucht. Alle Angemeldeten bekommen noch eine schriftliche Mitteilung zum Ablauf. Aufgrund der gro\u00dfen Nachfrage haben wir nun einen <strong>2. Termin f\u00fcr diese besondere F\u00fchrung organisiert und zwar am 22. M\u00e4rz 2026<\/strong>, wieder um 14:30 Uhr auf der Brausebr\u00fccke. Interessenten sende ich gerne eine Einladung zu und nehme schon jetzt Anmeldungen entgegen.<\/p>\n\n\n\n<p>Sicher treffe ich einige von Ihnen bei der Veranstaltung am 25.02.26 um 18:00 Uhr \u201eWohnen in der Innenstadt?!\u201c. Und da Sie fast alle ehrenamtlich t\u00e4tig sind, ist die Stadtkonferenz am 09.05.26 mit dem Thema \u201eEhrenamt\u201c sicher ein wichtiger Termin. Dazu mehr in den n\u00e4chsten Stadtgeschichten.<\/p>\n\n\n\n<p>Nun muss ich mich erst einmal erholen von meinem selbst gew\u00e4hlten Ehrenamt. Ich hoffe, dass die Lekt\u00fcre p\u00fcnktlich bei ihnen eintrifft und nicht wieder im SPAM-Ordner landet.<\/p>\n\n\n\n<p>Mit herzlichen Gr\u00fc\u00dfen von<br>Magdalena Deutschmann&nbsp;<\/p>\n\n\n\n<p><a href=\"mailto:stadtgeschichten@alaev-lueneburg.de\">stadtgeschichten@alaev-lueneburg.de<\/a><\/p>\n\n\n\n<p>&nbsp;c\/o ALA,<br>Untere Ohlingerstra\u00dfe 7<br>21335 L\u00fcneburg<br>Telefon Montags 15-17:00 Uhr  04131-267727<\/p>\n\n\n\n<p><\/p>\n","protected":false},"excerpt":{"rendered":"<p>In der Zukunftswerkstatt \u201eEffiziente Wohnraumnutzung im Bestand\u201c stellte Referent Arthur Haus einige interessante Zahlen vor.<\/p>\n","protected":false},"author":6,"featured_media":10740,"comment_status":"open","ping_status":"closed","sticky":false,"template":"","format":"standard","meta":{"footnotes":""},"categories":[6],"tags":[],"class_list":["post-10721","post","type-post","status-publish","format-standard","has-post-thumbnail","hentry","category-stadtgeschichten"],"_links":{"self":[{"href":"https:\/\/alaev-lueneburg.de\/alawordpress\/wp-json\/wp\/v2\/posts\/10721","targetHints":{"allow":["GET"]}}],"collection":[{"href":"https:\/\/alaev-lueneburg.de\/alawordpress\/wp-json\/wp\/v2\/posts"}],"about":[{"href":"https:\/\/alaev-lueneburg.de\/alawordpress\/wp-json\/wp\/v2\/types\/post"}],"author":[{"embeddable":true,"href":"https:\/\/alaev-lueneburg.de\/alawordpress\/wp-json\/wp\/v2\/users\/6"}],"replies":[{"embeddable":true,"href":"https:\/\/alaev-lueneburg.de\/alawordpress\/wp-json\/wp\/v2\/comments?post=10721"}],"version-history":[{"count":13,"href":"https:\/\/alaev-lueneburg.de\/alawordpress\/wp-json\/wp\/v2\/posts\/10721\/revisions"}],"predecessor-version":[{"id":10749,"href":"https:\/\/alaev-lueneburg.de\/alawordpress\/wp-json\/wp\/v2\/posts\/10721\/revisions\/10749"}],"wp:featuredmedia":[{"embeddable":true,"href":"https:\/\/alaev-lueneburg.de\/alawordpress\/wp-json\/wp\/v2\/media\/10740"}],"wp:attachment":[{"href":"https:\/\/alaev-lueneburg.de\/alawordpress\/wp-json\/wp\/v2\/media?parent=10721"}],"wp:term":[{"taxonomy":"category","embeddable":true,"href":"https:\/\/alaev-lueneburg.de\/alawordpress\/wp-json\/wp\/v2\/categories?post=10721"},{"taxonomy":"post_tag","embeddable":true,"href":"https:\/\/alaev-lueneburg.de\/alawordpress\/wp-json\/wp\/v2\/tags?post=10721"}],"curies":[{"name":"wp","href":"https:\/\/api.w.org\/{rel}","templated":true}]}}