{"id":10692,"date":"2026-01-05T17:11:36","date_gmt":"2026-01-05T16:11:36","guid":{"rendered":"https:\/\/alaev-lueneburg.de\/alawordpress\/?p=10692"},"modified":"2026-01-06T08:55:21","modified_gmt":"2026-01-06T07:55:21","slug":"stadtgeschichten-dezember-2025","status":"publish","type":"post","link":"https:\/\/alaev-lueneburg.de\/alawordpress\/stadtgeschichten-dezember-2025\/","title":{"rendered":"Stadtgeschichten Dezember 2025"},"content":{"rendered":"\n<h2 class=\"wp-block-heading\">Stadtgeschichten Dezember 2025<\/h2>\n\n\n\n<p><strong>Liebe Leserinnen und liebe Leser,<\/strong><\/p>\n\n\n\n<p>die Weihnachtsgeschichte ist verklungen, die Familiengeschichten sind ausgetauscht &#8211; und nun? Keine Sorge \u2013 unser L\u00fcneburg h\u00e4lt eine Menge Geschichten f\u00fcr Sie bereit und einige werde ich Ihnen heute erz\u00e4hlen.<\/p>\n\n\n<div class=\"wp-block-image is-style-default image_left\">\n<figure class=\"alignleft size-full is-resized\"><img loading=\"lazy\" decoding=\"async\" width=\"441\" height=\"600\" src=\"https:\/\/alaev-lueneburg.de\/alawordpress\/wp-content\/uploads\/2026\/01\/IMG_4398.jpg\" alt=\"\" class=\"wp-image-10703\" style=\"width:126px;height:auto\" srcset=\"https:\/\/alaev-lueneburg.de\/alawordpress\/wp-content\/uploads\/2026\/01\/IMG_4398.jpg 441w, https:\/\/alaev-lueneburg.de\/alawordpress\/wp-content\/uploads\/2026\/01\/IMG_4398-221x300.jpg 221w\" sizes=\"auto, (max-width: 441px) 100vw, 441px\" \/><\/figure><\/div>\n\n\n<p>Im Dezember war ich wieder unterwegs. Auf den Spuren der <strong>ehemaligen Edel-Disco \u201eCrato Keller\u201c,<\/strong> Heiligengeiststra\u00dfe 43, in der sich in den siebziger und achtziger Jahren die jungen Bank- und Sparkassenangestellten trafen und am\u00fcsierten. Holger Klemz, der Inhaber des M\u00e4lzer Brau- und Tafelhauses (und M\u00e4lzer M\u00fchle) zeigte mir den ehemaligen Kellereingang zur Disco und noch viel mehr. Nach dem Besuch hatte ich nicht eine, sondern drei Geschichten im Gep\u00e4ck:<\/p>\n\n\n<div class=\"wp-block-image is-style-default image_right\">\n<figure class=\"alignright size-full is-resized\"><img loading=\"lazy\" decoding=\"async\" width=\"600\" height=\"489\" src=\"https:\/\/alaev-lueneburg.de\/alawordpress\/wp-content\/uploads\/2026\/01\/IMG_4401.jpg\" alt=\"\" class=\"wp-image-10705\" style=\"width:285px;height:auto\" srcset=\"https:\/\/alaev-lueneburg.de\/alawordpress\/wp-content\/uploads\/2026\/01\/IMG_4401.jpg 600w, https:\/\/alaev-lueneburg.de\/alawordpress\/wp-content\/uploads\/2026\/01\/IMG_4401-300x245.jpg 300w\" sizes=\"auto, (max-width: 600px) 100vw, 600px\" \/><\/figure><\/div>\n\n\n<p>Holger Klemz und ich waren vor 40 Jahren zusammen im <strong>Veranstaltungsteam Nordlandhalle.<\/strong> Er als Aufbauhelfer, ich als Platzanweiserin. Wir erlebten zum Beispiel allein 6 Udo-J\u00fcrgens-Konzerte hinter den Kulissen. Und Vieles mehr.<br>Aber zur\u00fcck zum ehemaligen \u201eCrato-Keller\u201c. Holger zeigte mir ein altes Foto, auf dem gerade ein gro\u00dfes Weinfass in den Keller gerollt wird. Von 1754 \u2013 1972 war dieses Haus n\u00e4mlich die <strong>Wein- und Spirituosenhandlung der Familie Crato.<\/strong> Auch wurden hier 100 Jahre lang Spielkarten hergestellt und vertrieben. Aber das Geb\u00e4ude ist viel \u00e4lter. Seit 1540 wurde hier <strong>200 Jahre lang Bier gebraut<\/strong>. Das Brauhaus \u201eM\u00e4lzer\u201c ist seit 1997 zu dieser Tradition zur\u00fcckgekehrt.<\/p>\n\n\n<div class=\"wp-block-image is-style-default image_left\">\n<figure class=\"alignleft size-full is-resized\" id=\"is-style-default-image_left\"><img loading=\"lazy\" decoding=\"async\" width=\"600\" height=\"457\" src=\"https:\/\/alaev-lueneburg.de\/alawordpress\/wp-content\/uploads\/2026\/01\/StadtALg_BS_40542.jpg\" alt=\"\" class=\"wp-image-10696\" style=\"width:264px;height:auto\" srcset=\"https:\/\/alaev-lueneburg.de\/alawordpress\/wp-content\/uploads\/2026\/01\/StadtALg_BS_40542.jpg 600w, https:\/\/alaev-lueneburg.de\/alawordpress\/wp-content\/uploads\/2026\/01\/StadtALg_BS_40542-300x229.jpg 300w\" sizes=\"auto, (max-width: 600px) 100vw, 600px\" \/><\/figure><\/div>\n\n\n<p>Nach meinem Besuch ging ich gleich ins Stadtarchiv, um noch mehr zu erfahren. Dort gab es sehr interessante Innenaufnahmen, offensichtlich um die Jahrhundertwende fotografiert. Hier sieht man, dass das Geb\u00e4ude fr\u00fcher ein Wohnhaus war. Man erkennt noch Klingelschilder zu den Wohnungen und eine Galerie im Obergeschoss. Weinranken zieren die Holzverkleidung. (Foto: Stadtarchiv L\u00fcneburg, Wilhelm Riege)<\/p>\n\n\n<div class=\"wp-block-image is-style-default image_right\">\n<figure class=\"alignright size-full is-resized\" id=\"is-style-default-image_right\"><img loading=\"lazy\" decoding=\"async\" width=\"466\" height=\"600\" src=\"https:\/\/alaev-lueneburg.de\/alawordpress\/wp-content\/uploads\/2026\/01\/IMG_4399.jpg\" alt=\"\" class=\"wp-image-10704\" style=\"width:151px;height:auto\" srcset=\"https:\/\/alaev-lueneburg.de\/alawordpress\/wp-content\/uploads\/2026\/01\/IMG_4399.jpg 466w, https:\/\/alaev-lueneburg.de\/alawordpress\/wp-content\/uploads\/2026\/01\/IMG_4399-233x300.jpg 233w\" sizes=\"auto, (max-width: 466px) 100vw, 466px\" \/><\/figure><\/div>\n\n\n<p>Etwas von der Weinhandlung ist auch heute noch erhalten: Links im Erdgeschoss des \u201eM\u00e4lzer\u201c sieht man in einer Stube mit Kachelofen einen sehr pr\u00e4chtig geschnitzter Holzbogen (rechts mit Holger Klemz) mit dem Symbol der Familie Crato: Ein Kranich auf einer goldenen Kugel. Und dahinter die kleine ehemalige Weinprobierstube. Es lohnt sich, einmal mit offenen Augen durch alle 4 Etagen dieses Hauses zu gehen und die vielen kleinen Details zu entdecken. Danach haben Sie sich ein gutes Essen verdient. Und ein Bier. Oder ein Glas Wein&#8230;<\/p>\n\n\n\n<p>Vielleicht fragen Sie sich, warum ich nach einer ehemaligen Diskothek gesucht habe? Ich vergleiche gerade die M\u00f6glichkeiten, die die Babyboomer als Jugendliche hatten, und <strong>die Situation der Jugendlichen und jungen Erwachsenen heute in unserer Stadt<\/strong>. Ausgel\u00f6st wurde dies durch eine Radiosendung. Beim morgendlichen Fr\u00fchsport zu Radiomusik fiel mir die klare sch\u00f6ne Stimme eines jungen S\u00e4ngers auf. Und dazu der sp\u00f6ttische Kommentar: \u201eStellt euch vor, dieser S\u00e4nger kommt eigentlich aus L\u00fcneburg\u201c. Dieser S\u00e4nger ist mittlerweile international erfolgreich und lebte die letzten Jahre in Kanada. Sogar DIE ZEIT schrieb \u201eDer musikalische Durchstarter aus L\u00fcneburg\u201c. Ich hatte seinen Namen noch nie geh\u00f6rt und auch nichts in unserer Zeitung gelesen. Sein Lied wurde ein Hit und immer wieder im Radio gespielt, und immer wieder kam dann dieser sp\u00f6ttische Kommentar zu unserer Stadt. <strong><u>L\u00fcneburg scheint der Inbegriff f\u00fcr Spie\u00dfigkeit und Provinzialit\u00e4t zu sein<\/u><\/strong>.<\/p>\n\n\n\n<p>Ich habe dann die Biografie des S\u00e4ngers Sanele Sydow im Internet gelesen und tats\u00e4chlich: Er ist 1999 geboren und vom 2. \u2013 18. Lebensjahr in L\u00fcneburg aufgewachsen, zur Schule gegangen usw. Dann habe ich mir das Musikvideo zu dem Lied angeschaut und konnte die Moderatoren verstehen.<br><a href=\"https:\/\/www.youtube.com\/watch?v=Z3aduh5fxCo\">https:\/\/www.youtube.com\/watch?v=Z3aduh5fxCo<\/a> Gezeigt werden fr\u00f6hliche, tanzende verliebte junge Leute irgendwo im S\u00fcden. Wo ist in L\u00fcneburg Platz f\u00fcr die Jugend? <strong>Wir haben fast 10.000 Studenten in der Stadt. Wo sind sie?<\/strong> Fr\u00fcher war der Stint der zentrale Treffpunkt der Jugend. Es gab Stintfeste und eine gro\u00dfe Zahl an Diskotheken. Haben Touristen die Jugendlichen verdr\u00e4ngt?&nbsp;<\/p>\n\n\n\n<figure class=\"wp-block-image size-full\"><img loading=\"lazy\" decoding=\"async\" width=\"1024\" height=\"346\" src=\"https:\/\/alaev-lueneburg.de\/alawordpress\/wp-content\/uploads\/2026\/01\/Salzbruecker-Konzer.jpg\" alt=\"\" class=\"wp-image-10706\" srcset=\"https:\/\/alaev-lueneburg.de\/alawordpress\/wp-content\/uploads\/2026\/01\/Salzbruecker-Konzer.jpg 1024w, https:\/\/alaev-lueneburg.de\/alawordpress\/wp-content\/uploads\/2026\/01\/Salzbruecker-Konzer-300x101.jpg 300w, https:\/\/alaev-lueneburg.de\/alawordpress\/wp-content\/uploads\/2026\/01\/Salzbruecker-Konzer-768x260.jpg 768w\" sizes=\"auto, (max-width: 1024px) 100vw, 1024px\" \/><\/figure>\n\n\n\n<p>Noch eine Stadtgeschichte zum Thema Musik, diesmal live aus der Altstadt. Sie erinnern sich? Corona: Kontaktbeschr\u00e4nkungen, Versammlungsverbote, Totenstille in den Stra\u00dfen. Ich wohnte In der Techt und h\u00f6rte pl\u00f6tzlich Musik in der Nachbarschaft. Jacke an und raus. <strong>In der Salzbr\u00fccker Stra\u00dfe gab es ein spontanes Konzert von Anwohnern. Und eine traumhafte Stimme der S\u00e4ngerin<\/strong> (2. Von rechts). Dazu Percussion (rechts), Saxophon (links) und Keybord aus dem Fenstersims (2. Von links). Anwohner \u00f6ffneten die Fenster, einige wagten sich auf die Stra\u00dfe. Wir alle genossen die wirklich tolle Musik. Ein Nachbar rief die Polizei, weil wir uns versammelten. Egal, es war einfach wunderbar. Ich versuchte noch den Namen der S\u00e4ngerin mit der gro\u00dfartigen Stimme herauszubekommen. \u201eDas ist Vicky\u201c. Man kannte sich. Sp\u00e4ter habe ich Vicky und Vasco, den Keyborder, noch bei einem Konzert geh\u00f6rt (VIVA). L\u00fcneburg ist so reich an Talenten\u2026<\/p>\n\n\n\n<p>Nun wechseln wir die Tonlage von Dur auf Moll. Denn <strong>es gibt auch Trauriges und Bedr\u00fcckendes in der Altstadt<\/strong>: Verfallene H\u00e4user, Ruinen, jahrelanger Stillstand. Der ALA wird oft gefragt, was da los sei und ob wir nicht etwas unternehmen k\u00f6nnten. Aber es gibt Gr\u00fcnde, wo auch wir nicht eingreifen k\u00f6nnen: <strong>Krankheit, Alter, Armut<\/strong>. Oft fehlt den Bewohnern die Kraft, um noch etwas zu bewegen.&nbsp; Ein 85-j\u00e4hriger gab zu bedenken: \u201eWelche Bank gibt denn mir als kranken 85j\u00e4hrigen noch einen Kredit f\u00fcr Renovierungsarbeiten?\u201c Bei einem Rundgang habe ich einige leerstehende H\u00e4user (mit einer Ausnahme) fotografiert. Das tat weh.<\/p>\n\n\n\n<figure class=\"wp-block-gallery has-nested-images columns-default is-cropped wp-block-gallery-1 is-layout-flex wp-block-gallery-is-layout-flex\">\n<figure class=\"wp-block-image size-large\"><img loading=\"lazy\" decoding=\"async\" width=\"450\" height=\"600\" data-id=\"10702\" src=\"https:\/\/alaev-lueneburg.de\/alawordpress\/wp-content\/uploads\/2026\/01\/IMG_4391.jpg\" alt=\"\" class=\"wp-image-10702\" srcset=\"https:\/\/alaev-lueneburg.de\/alawordpress\/wp-content\/uploads\/2026\/01\/IMG_4391.jpg 450w, https:\/\/alaev-lueneburg.de\/alawordpress\/wp-content\/uploads\/2026\/01\/IMG_4391-225x300.jpg 225w\" sizes=\"auto, (max-width: 450px) 100vw, 450px\" \/><\/figure>\n\n\n\n<figure class=\"wp-block-image size-large\"><img loading=\"lazy\" decoding=\"async\" width=\"450\" height=\"600\" data-id=\"10699\" src=\"https:\/\/alaev-lueneburg.de\/alawordpress\/wp-content\/uploads\/2026\/01\/IMG_4385.jpg\" alt=\"\" class=\"wp-image-10699\" srcset=\"https:\/\/alaev-lueneburg.de\/alawordpress\/wp-content\/uploads\/2026\/01\/IMG_4385.jpg 450w, https:\/\/alaev-lueneburg.de\/alawordpress\/wp-content\/uploads\/2026\/01\/IMG_4385-225x300.jpg 225w\" sizes=\"auto, (max-width: 450px) 100vw, 450px\" \/><\/figure>\n\n\n\n<figure class=\"wp-block-image size-large\"><img loading=\"lazy\" decoding=\"async\" width=\"387\" height=\"600\" data-id=\"10701\" src=\"https:\/\/alaev-lueneburg.de\/alawordpress\/wp-content\/uploads\/2026\/01\/IMG_4389.jpg\" alt=\"\" class=\"wp-image-10701\" srcset=\"https:\/\/alaev-lueneburg.de\/alawordpress\/wp-content\/uploads\/2026\/01\/IMG_4389.jpg 387w, https:\/\/alaev-lueneburg.de\/alawordpress\/wp-content\/uploads\/2026\/01\/IMG_4389-194x300.jpg 194w\" sizes=\"auto, (max-width: 387px) 100vw, 387px\" \/><\/figure>\n\n\n\n<figure class=\"wp-block-image size-large\"><img loading=\"lazy\" decoding=\"async\" width=\"450\" height=\"600\" data-id=\"10698\" src=\"https:\/\/alaev-lueneburg.de\/alawordpress\/wp-content\/uploads\/2026\/01\/IMG_4383.jpg\" alt=\"\" class=\"wp-image-10698\" srcset=\"https:\/\/alaev-lueneburg.de\/alawordpress\/wp-content\/uploads\/2026\/01\/IMG_4383.jpg 450w, https:\/\/alaev-lueneburg.de\/alawordpress\/wp-content\/uploads\/2026\/01\/IMG_4383-225x300.jpg 225w\" sizes=\"auto, (max-width: 450px) 100vw, 450px\" \/><\/figure>\n\n\n\n<figure class=\"wp-block-image size-large\"><img loading=\"lazy\" decoding=\"async\" width=\"450\" height=\"600\" data-id=\"10700\" src=\"https:\/\/alaev-lueneburg.de\/alawordpress\/wp-content\/uploads\/2026\/01\/IMG_4386.jpg\" alt=\"\" class=\"wp-image-10700\" srcset=\"https:\/\/alaev-lueneburg.de\/alawordpress\/wp-content\/uploads\/2026\/01\/IMG_4386.jpg 450w, https:\/\/alaev-lueneburg.de\/alawordpress\/wp-content\/uploads\/2026\/01\/IMG_4386-225x300.jpg 225w\" sizes=\"auto, (max-width: 450px) 100vw, 450px\" \/><\/figure>\n<\/figure>\n\n\n\n<p><\/p>\n\n\n\n<p>Ich erinnere mich gut an das alte Ehepaar, das hinter der blauen T\u00fcr gelebt hat. Sie hatten viele kleine Eulen im Fenster, weil im hinteren Schuppen mal ein Uhu gebr\u00fctet hat. Sp\u00e4ter sa\u00df die alte Dame oft alleine mit ihrem kleinen Hund im Rollstuhl in der offenen T\u00fcr und freute sich, wenn jemand mit ihr sprach. Seit ihrem Tod steht das Haus nun leer und zum Verkauf, aber die Renovierungskosten haben bislang alle Interessenten abgeschreckt. Und es verf\u00e4llt immer mehr.<\/p>\n\n\n<div class=\"wp-block-image is-style-default image_left\">\n<figure class=\"alignleft size-full is-resized\"><img loading=\"lazy\" decoding=\"async\" width=\"600\" height=\"450\" src=\"https:\/\/alaev-lueneburg.de\/alawordpress\/wp-content\/uploads\/2026\/01\/IMG_4318.jpg\" alt=\"\" class=\"wp-image-10697\" style=\"width:179px;height:auto\" srcset=\"https:\/\/alaev-lueneburg.de\/alawordpress\/wp-content\/uploads\/2026\/01\/IMG_4318.jpg 600w, https:\/\/alaev-lueneburg.de\/alawordpress\/wp-content\/uploads\/2026\/01\/IMG_4318-300x225.jpg 300w\" sizes=\"auto, (max-width: 600px) 100vw, 600px\" \/><\/figure><\/div>\n\n\n<p><strong>Trotzdem \u2013 wir gehen zuversichtlich in das neue Jahr 2026<\/strong>! Im Januar wollen wir beginnen, <strong>Hinweisschilder zur Geschichte<\/strong> des ehem. St.Michaelisklosters und der Ritterakademie auf dem Gel\u00e4nde der Kreisverwaltung zu entwerfen. Am Sonntag, dem 08. Februar plane ich einen <strong>Rundgang mit Zeitzeugen durch das Wasserviertel. <\/strong>Wer sich vornotieren l\u00e4sst bekommt vorab eine Einladung. Und am <strong>09. Mai findet die n\u00e4chste Stadtkonferenz statt<\/strong> mit dem Thema \u201eEhrenamt\u201c.<\/p>\n\n\n\n<p><\/p>\n\n\n\n<p><strong>Kommen Sie mit!<\/strong> Wir sehen oder h\u00f6ren uns wieder 2026.<br>Bis dahin seien Sie alle herzlich gegr\u00fc\u00dft<br>von Magdalena Deutschmann<br><a href=\"mailto:stadtgeschichten@alaev-lueneburg.de\">stadtgeschichten@alaev-lueneburg.de<\/a><\/p>\n","protected":false},"excerpt":{"rendered":"<p>Im Dezember war ich wieder unterwegs. Auf den Spuren der ehemaligen Edel-Disco \u201eCrato Keller\u201c, Heiligengeiststra\u00dfe 43&#8230; <\/p>\n","protected":false},"author":6,"featured_media":10695,"comment_status":"open","ping_status":"closed","sticky":false,"template":"","format":"standard","meta":{"footnotes":""},"categories":[6],"tags":[],"class_list":["post-10692","post","type-post","status-publish","format-standard","has-post-thumbnail","hentry","category-stadtgeschichten"],"_links":{"self":[{"href":"https:\/\/alaev-lueneburg.de\/alawordpress\/wp-json\/wp\/v2\/posts\/10692","targetHints":{"allow":["GET"]}}],"collection":[{"href":"https:\/\/alaev-lueneburg.de\/alawordpress\/wp-json\/wp\/v2\/posts"}],"about":[{"href":"https:\/\/alaev-lueneburg.de\/alawordpress\/wp-json\/wp\/v2\/types\/post"}],"author":[{"embeddable":true,"href":"https:\/\/alaev-lueneburg.de\/alawordpress\/wp-json\/wp\/v2\/users\/6"}],"replies":[{"embeddable":true,"href":"https:\/\/alaev-lueneburg.de\/alawordpress\/wp-json\/wp\/v2\/comments?post=10692"}],"version-history":[{"count":12,"href":"https:\/\/alaev-lueneburg.de\/alawordpress\/wp-json\/wp\/v2\/posts\/10692\/revisions"}],"predecessor-version":[{"id":10719,"href":"https:\/\/alaev-lueneburg.de\/alawordpress\/wp-json\/wp\/v2\/posts\/10692\/revisions\/10719"}],"wp:featuredmedia":[{"embeddable":true,"href":"https:\/\/alaev-lueneburg.de\/alawordpress\/wp-json\/wp\/v2\/media\/10695"}],"wp:attachment":[{"href":"https:\/\/alaev-lueneburg.de\/alawordpress\/wp-json\/wp\/v2\/media?parent=10692"}],"wp:term":[{"taxonomy":"category","embeddable":true,"href":"https:\/\/alaev-lueneburg.de\/alawordpress\/wp-json\/wp\/v2\/categories?post=10692"},{"taxonomy":"post_tag","embeddable":true,"href":"https:\/\/alaev-lueneburg.de\/alawordpress\/wp-json\/wp\/v2\/tags?post=10692"}],"curies":[{"name":"wp","href":"https:\/\/api.w.org\/{rel}","templated":true}]}}