{"id":10620,"date":"2025-12-04T08:35:43","date_gmt":"2025-12-04T07:35:43","guid":{"rendered":"https:\/\/alaev-lueneburg.de\/alawordpress\/?p=10620"},"modified":"2025-12-04T12:23:36","modified_gmt":"2025-12-04T11:23:36","slug":"stadtgeschichten-november-2025","status":"publish","type":"post","link":"https:\/\/alaev-lueneburg.de\/alawordpress\/stadtgeschichten-november-2025\/","title":{"rendered":"Stadtgeschichten November 2025"},"content":{"rendered":"\n<h2 class=\"wp-block-heading\">Stadtgeschichten November 2025<\/h2>\n\n\n\n<p><strong>Liebe Leserinnen und liebe Leser,<\/strong><\/p>\n\n\n<div class=\"wp-block-image is-style-default image_left\">\n<figure class=\"alignleft size-full is-resized\"><img loading=\"lazy\" decoding=\"async\" width=\"600\" height=\"378\" src=\"https:\/\/alaev-lueneburg.de\/alawordpress\/wp-content\/uploads\/2025\/12\/01-11-25.jpg\" alt=\"\" class=\"wp-image-10629\" style=\"width:210px;height:auto\" srcset=\"https:\/\/alaev-lueneburg.de\/alawordpress\/wp-content\/uploads\/2025\/12\/01-11-25.jpg 600w, https:\/\/alaev-lueneburg.de\/alawordpress\/wp-content\/uploads\/2025\/12\/01-11-25-300x189.jpg 300w\" sizes=\"auto, (max-width: 600px) 100vw, 600px\" \/><\/figure><\/div>\n\n<div class=\"wp-block-image is-style-default image_right\">\n<figure class=\"alignright size-full is-resized\"><img loading=\"lazy\" decoding=\"async\" width=\"958\" height=\"718\" src=\"https:\/\/alaev-lueneburg.de\/alawordpress\/wp-content\/uploads\/2025\/12\/02-11-25.jpg\" alt=\"\" class=\"wp-image-10630\" style=\"width:178px;height:auto\" srcset=\"https:\/\/alaev-lueneburg.de\/alawordpress\/wp-content\/uploads\/2025\/12\/02-11-25.jpg 958w, https:\/\/alaev-lueneburg.de\/alawordpress\/wp-content\/uploads\/2025\/12\/02-11-25-300x225.jpg 300w, https:\/\/alaev-lueneburg.de\/alawordpress\/wp-content\/uploads\/2025\/12\/02-11-25-768x576.jpg 768w\" sizes=\"auto, (max-width: 958px) 100vw, 958px\" \/><\/figure><\/div>\n\n\n<p>wie kommt dieser freundliche Mann auf dem linken Foto auf unsere Titelseite? Nun, weil wir dankbar sein k\u00f6nnen, noch pers\u00f6nlich bedient zu werden. Die Zukunft sehen sie rechts. Die Firma \u201eNordsee\u201c stellt offensichtlich ihre Restaurants auf Automaten um (links Filiale L\u00fcneburg, rechts Hannover Hauptbahnhof). Also kein \u201eWas h\u00e4tten Sie denn gerne?\u201c Oder: \u201eIch empfehle ihnen heute.\u201c Oder \u201eGuten Appetit, lassen sie es sich schmecken\u201c. Der Bauch wird ges\u00e4ttigt, die Seele bleibt hungrig. Auch die Burger-Restaurants werden schon umgestellt. Genie\u00dfen wir also Service, Atmosph\u00e4re und pers\u00f6nliche Ansprache in unseren Lokalen. Es ist nicht mehr selbstverst\u00e4ndlich.<br>Beim Schreiben der \u201eStadtgeschichten\u201c bietet mir in Windows 11 immer ein KI-Assistent seine Hilfe an. Sind also diese Texte \u00fcberhaupt von mir? Das k\u00f6nnen Sie ganz leicht \u00fcberpr\u00fcfen: Ich mache Feler. Fehler und Unvollkommenheiten sind menschlich (nicht nur in der Rechtschreibung!). Auch die Fotos machen wir selber (ausgen. Stadtarchiv) und wenn Sie an die Stadtgeschichten mailen sitzt da ein lebendiger Empf\u00e4nger, eine Empf\u00e4ngerin, die sich meistens freut. Unser B\u00fcrotelefon ist montags von 15-17:00 Uhr von der netten Britta Schulz besetzt. Also kein Automat, der sagt, dr\u00fccken sie die 1, wenn sie eine Frage haben oder dr\u00fccken sie die 2, wenn sie Mitglied werden wollen usw.<\/p>\n\n\n<div class=\"wp-block-image is-style-default image_left\">\n<figure class=\"alignleft size-full is-resized\"><img loading=\"lazy\" decoding=\"async\" width=\"600\" height=\"274\" src=\"https:\/\/alaev-lueneburg.de\/alawordpress\/wp-content\/uploads\/2025\/12\/03-11-25.jpg\" alt=\"\" class=\"wp-image-10631\" style=\"width:347px;height:auto\" srcset=\"https:\/\/alaev-lueneburg.de\/alawordpress\/wp-content\/uploads\/2025\/12\/03-11-25.jpg 600w, https:\/\/alaev-lueneburg.de\/alawordpress\/wp-content\/uploads\/2025\/12\/03-11-25-300x137.jpg 300w\" sizes=\"auto, (max-width: 600px) 100vw, 600px\" \/><\/figure><\/div>\n\n\n<p>Nun wollen wir den Fortschritt nicht verteufeln. Fr\u00fcher war nicht alles besser. Aber es schmerzt schon zu sehen, wenn z. B. unsere einstige Weltfirma \u201eLucia Strickwarenfabrik\u201c abgerissen wird. Sie gab hunderten L\u00fcneburger*innen viele Jahre einen sicheren Arbeitsplatz, die Strickmodelle waren f\u00fcr ihre hohe Qualit\u00e4t bekannt, in wirtschaftlich gesunden Zeiten machte die Belegschaft Betriebsausfl\u00fcge z. B. nach Paris! Die Produktion wurde sp\u00e4ter ins Ausland verlagert\u2026<\/p>\n\n\n<div class=\"wp-block-image is-style-default image_right\">\n<figure class=\"alignright size-full is-resized\"><img loading=\"lazy\" decoding=\"async\" width=\"600\" height=\"493\" src=\"https:\/\/alaev-lueneburg.de\/alawordpress\/wp-content\/uploads\/2025\/12\/04-11-25.jpg\" alt=\"\" class=\"wp-image-10632\" style=\"width:187px;height:auto\" srcset=\"https:\/\/alaev-lueneburg.de\/alawordpress\/wp-content\/uploads\/2025\/12\/04-11-25.jpg 600w, https:\/\/alaev-lueneburg.de\/alawordpress\/wp-content\/uploads\/2025\/12\/04-11-25-300x247.jpg 300w\" sizes=\"auto, (max-width: 600px) 100vw, 600px\" \/><\/figure><\/div>\n\n\n<p>Genau gegen\u00fcber hat das alte Sch\u00fctzenhaus \u00fcberlebt! Unglaublich, was sich hier an Stadtgeschichte alles ereignet hat. 1870 als Haus der Sch\u00fctzengesellschaft erbaut, wurden hier die Sch\u00fctzenfeste gefeiert. Auf dem Sch\u00fctzenplatz davor standen nach dem 2. Weltkrieg Baracken, die 1964 abgebaut wurden. Im Sch\u00fctzenhaus fanden die gro\u00dfen Treffen der Vertriebenenverb\u00e4nde statt. Von der Eichenbr\u00fccker Vereinigung kamen hier bis zu 600 ehem. Eichenbr\u00fccker aus der ganzen Umgebung zusammen. Nach der Nordlandhalle mit 1600 Pl\u00e4tzen war das Sch\u00fctzenhaus das zweitgr\u00f6\u00dfte Haus f\u00fcr Veranstaltungen in L\u00fcneburg. Gastronomie und eine gro\u00dfe B\u00fchne erm\u00f6glichten eine vielf\u00e4ltige Nutzung. Es gab Tanzveranstaltungen, Konzerte, z. B. von Karat und den Puhdys und sogar Frauenboxen! Gek\u00e4mpft wurde dort auch bei Wahlkampfveranstaltungen \u2013 um jede Stimme.<\/p>\n\n\n<div class=\"wp-block-image is-style-default image_left\">\n<figure class=\"alignleft size-full is-resized\"><img loading=\"lazy\" decoding=\"async\" width=\"600\" height=\"342\" src=\"https:\/\/alaev-lueneburg.de\/alawordpress\/wp-content\/uploads\/2025\/12\/05-11-25.jpg\" alt=\"\" class=\"wp-image-10633\" style=\"width:291px;height:auto\" srcset=\"https:\/\/alaev-lueneburg.de\/alawordpress\/wp-content\/uploads\/2025\/12\/05-11-25.jpg 600w, https:\/\/alaev-lueneburg.de\/alawordpress\/wp-content\/uploads\/2025\/12\/05-11-25-300x171.jpg 300w\" sizes=\"auto, (max-width: 600px) 100vw, 600px\" \/><\/figure><\/div>\n\n\n<p>Ich erinnere mich gut an den Auftritt eines jungen, aufstrebenden Politikers, in Turnschuhen und sehr frech. Alle wollten ihn sehen. Es war Joschka Fischer! Die Zeiten \u00e4nderten sich und die Zukunft des Sch\u00fctzenhauses war ungewiss, bis ein Biomarkt einzog und viele Jahre dort Naturkost anbot. Auch diese Zeit ging vorbei, das Haus stand leer. Was f\u00fcr ein Gl\u00fcck f\u00fcr das Paul-Gerhardt-Haus, das gerade dringend nach einem \u00dcbergangsquartier suchte. Nun k\u00f6nnen hier die rund 120 ehrenamtlich Engagierten unter der Leitung von Diakonin Antje Stoffregen ihre Angebote wie die Kindertafel, der LernRaum, das Paul-Gerhard-Caf\u00e9 und vieles mehr aufrechterhalten. Heute gab es dort einen Adventsmarkt mit Kaffeetafel und vielen fr\u00f6hlichen G\u00e4sten. Wie gut, dass es das Sch\u00fctzenhaus noch gibt\u2026<\/p>\n\n\n<div class=\"wp-block-image is-style-default image_left\">\n<figure class=\"alignleft size-full is-resized\"><img loading=\"lazy\" decoding=\"async\" width=\"600\" height=\"799\" src=\"https:\/\/alaev-lueneburg.de\/alawordpress\/wp-content\/uploads\/2025\/12\/07-11-25.jpg\" alt=\"\" class=\"wp-image-10635\" style=\"width:125px;height:auto\" srcset=\"https:\/\/alaev-lueneburg.de\/alawordpress\/wp-content\/uploads\/2025\/12\/07-11-25.jpg 600w, https:\/\/alaev-lueneburg.de\/alawordpress\/wp-content\/uploads\/2025\/12\/07-11-25-225x300.jpg 225w\" sizes=\"auto, (max-width: 600px) 100vw, 600px\" \/><\/figure><\/div>\n\n<div class=\"wp-block-image is-style-default image_right\">\n<figure class=\"alignright size-full is-resized\"><img loading=\"lazy\" decoding=\"async\" width=\"376\" height=\"600\" src=\"https:\/\/alaev-lueneburg.de\/alawordpress\/wp-content\/uploads\/2025\/12\/08-11-25.jpg\" alt=\"\" class=\"wp-image-10636\" style=\"width:103px;height:auto\" srcset=\"https:\/\/alaev-lueneburg.de\/alawordpress\/wp-content\/uploads\/2025\/12\/08-11-25.jpg 376w, https:\/\/alaev-lueneburg.de\/alawordpress\/wp-content\/uploads\/2025\/12\/08-11-25-188x300.jpg 188w\" sizes=\"auto, (max-width: 376px) 100vw, 376px\" \/><\/figure><\/div>\n\n\n<p>Und noch einen neuen Anfang gibt es in einem alten Haus. Eigentlich sind es zwei Geb\u00e4ude, die zusammengeh\u00f6ren: Die H\u00e4user Nr. 46\/47 Am Sande. Datiert schon ab 1505! Viele prominente Namen findet man unter den ehem. Eigent\u00fcmern: Ratmann Johann Brandes, Brauerfamilie Schr\u00f6der und der sp\u00e4tere B\u00fcrgermeister Hartwig Friedrich von T\u00f6bing. Nach einem Wei\u00dfb\u00e4cker und einem M\u00fchlenbesitzer (1861) folgte vor \u00fcber hundert Jahren Ernst Wist und dann sein Schwiegersohn und Nachfolger Ernst Joachim Petersen als Chef des beliebten Lebensmittelgesch\u00e4ftes im Haus Nr. 46. Beide Grundst\u00fccke reichen bis in die Glockenstra\u00dfe, rechts ein Wirtschaftsgeb\u00e4ude, das als Lager genutzt wurde.<\/p>\n\n\n<div class=\"wp-block-image is-style-default image_left\">\n<figure class=\"alignleft size-full is-resized\"><img loading=\"lazy\" decoding=\"async\" width=\"600\" height=\"341\" src=\"https:\/\/alaev-lueneburg.de\/alawordpress\/wp-content\/uploads\/2025\/12\/09-11-25.jpg\" alt=\"\" class=\"wp-image-10637\" style=\"width:214px;height:auto\" srcset=\"https:\/\/alaev-lueneburg.de\/alawordpress\/wp-content\/uploads\/2025\/12\/09-11-25.jpg 600w, https:\/\/alaev-lueneburg.de\/alawordpress\/wp-content\/uploads\/2025\/12\/09-11-25-300x171.jpg 300w\" sizes=\"auto, (max-width: 600px) 100vw, 600px\" \/><\/figure><\/div>\n\n<div class=\"wp-block-image is-style-default image_right\">\n<figure class=\"alignright size-full is-resized\"><img loading=\"lazy\" decoding=\"async\" width=\"600\" height=\"400\" src=\"https:\/\/alaev-lueneburg.de\/alawordpress\/wp-content\/uploads\/2025\/12\/10-11-25.jpg\" alt=\"\" class=\"wp-image-10638\" style=\"width:147px;height:auto\" srcset=\"https:\/\/alaev-lueneburg.de\/alawordpress\/wp-content\/uploads\/2025\/12\/10-11-25.jpg 600w, https:\/\/alaev-lueneburg.de\/alawordpress\/wp-content\/uploads\/2025\/12\/10-11-25-300x200.jpg 300w\" sizes=\"auto, (max-width: 600px) 100vw, 600px\" \/><\/figure><\/div>\n\n\n<p>Nun wird das ehemalige Lebensmittelgesch\u00e4ft zu einem Caf\u00e9 umgebaut. Bei diesen Arbeiten wurden unter einer abgeh\u00e4ngten Decke wundersch\u00f6ne Malereien (wieder-)entdeckt. Wir durften auf Einladung des Ortskuratoriums der Deutschen Stiftung Denkmalschutz die Restaurierungsarbeiten besichtigen und haben beschlossen, diese Restaurierung mit einer Spende aus den Einnahmen des Historischen Christmarktes zu unterst\u00fctzen. Sie werden dann sp\u00e4ter im Caf\u00e9 die wundersch\u00f6nen Allegorien der Tugenden \u00fcber ihren K\u00f6pfen bewundern k\u00f6nnen.<\/p>\n\n\n\n<p>Sie erhalten den Rundbrief zu Beginn der Adventszeit. F\u00fcr uns als ALA ein H\u00f6hepunkt des Jahres, denn wir Ehrenamtlichen d\u00fcrfen Gastgeber sein und Sie alle einladen. Auf unserem Christmarkt rund um die Michaeliskirche k\u00f6nnen Sie am 06. und 07.12.25 getrost Ihre Handys ausschalten. Wir entf\u00fchren Sie in eine Zeit, in der man sogar noch ohne Strom fr\u00f6hlich und zufrieden sein konnte. Alle 5 Sinne d\u00fcrfen hier einmal auftanken: <strong>Sehen: <\/strong>M\u00e4nner und Frauen in sch\u00f6nen Gew\u00e4ndern. <strong>H\u00f6ren: <\/strong>Nichts bis auf die Glocken von St. Michelis, leise Ges\u00e4nge und dem Gemurmel der G\u00e4ste. <strong>Riechen<\/strong>: den Duft aus dampfenden Kesseln mit W\u00fcrzwein und Punsch. <strong>Schmecken<\/strong>: Renaissance-Bratwurst, knusprige Heydelinge, Schmalzbrote, ger\u00f6stete Maronen und dazu ein \u201eLiqueurchen\u201c vom Stand der Stadtarch\u00e4ologie. F\u00fchlen: Weiches aus Wolle und Filz, Holz, Glas, Eisen, Ziegelsteinschmuck \u2026<\/p>\n\n\n\n<figure class=\"wp-block-image size-full\"><img loading=\"lazy\" decoding=\"async\" width=\"920\" height=\"182\" src=\"https:\/\/alaev-lueneburg.de\/alawordpress\/wp-content\/uploads\/2025\/12\/11-11-25.jpg\" alt=\"\" class=\"wp-image-10639\" srcset=\"https:\/\/alaev-lueneburg.de\/alawordpress\/wp-content\/uploads\/2025\/12\/11-11-25.jpg 920w, https:\/\/alaev-lueneburg.de\/alawordpress\/wp-content\/uploads\/2025\/12\/11-11-25-300x59.jpg 300w, https:\/\/alaev-lueneburg.de\/alawordpress\/wp-content\/uploads\/2025\/12\/11-11-25-768x152.jpg 768w\" sizes=\"auto, (max-width: 920px) 100vw, 920px\" \/><\/figure>\n\n\n\n<p>F\u00fcr die, die es lieber etwas besinnlich m\u00f6gen, \u00f6ffnen wir auch in diesem Jahr die T\u00fcr unseres historischen Kapitelsaales im Rahmen der Aktion \u201eLebendiger Adventskalender\u201c von St. Michaelis. Am 13.12.25 um 18:00 Uhr hei\u00dfen wir alle Anwohner und auch Sie zu einer Adventsandacht willkommen. Das Programm wird gestaltet mit weihnachtlicher Geschichte, Liedern, warmen Getr\u00e4nken, kleinen Leckereien und nat\u00fcrlich Gebet und Segen. Im vergangenen Jahr hat sogar ein Trompeter unsere Ges\u00e4nge begleitet. Auch Kinder sind herzlich willkommen. Nach ca. 25 Minuten ist der offizielle Teil beendet und Sie k\u00f6nnen dann gerne noch etwas verweilen.<\/p>\n\n\n<div class=\"wp-block-image is-style-default image_right\">\n<figure class=\"alignright size-full is-resized\"><img loading=\"lazy\" decoding=\"async\" width=\"689\" height=\"707\" src=\"https:\/\/alaev-lueneburg.de\/alawordpress\/wp-content\/uploads\/2025\/12\/12-11-25.jpg\" alt=\"\" class=\"wp-image-10628\" style=\"width:179px;height:auto\" srcset=\"https:\/\/alaev-lueneburg.de\/alawordpress\/wp-content\/uploads\/2025\/12\/12-11-25.jpg 689w, https:\/\/alaev-lueneburg.de\/alawordpress\/wp-content\/uploads\/2025\/12\/12-11-25-292x300.jpg 292w\" sizes=\"auto, (max-width: 689px) 100vw, 689px\" \/><\/figure><\/div>\n\n\n<p>F\u00fcr Weihnachtsgr\u00fc\u00dfe und -w\u00fcnsche ist es jetzt noch ein bisschen fr\u00fch. Deshalb, liebe Leserin, lieber Leser, besuchen Sie Inga Whiton und mich doch auf dem Christmarkt am 06. Dezember von 15-19:00 Uhr am ALA-Infostand. Gerne bekommen Sie dann einen lieben Weihnachtsgru\u00df und beim Stichwort \u201eStadtgeschichten\u201c auch ein gef\u00fclltes Lebkuchenherz oder alternativ einen Haferkeks.<\/p>\n\n\n\n<p>Ich freue mich auf Sie.<\/p>\n\n\n\n<p>Magdalena Deutschmann<br>Arbeitskreis L\u00fcneburger Altstadt<br>Stadtgeschichten<br><a href=\"mailto:stadtgeschichten@alaev-lueneburg.de\">stadtgeschichten@alaev-lueneburg.de<\/a><\/p>\n\n\n\n<p><\/p>\n","protected":false},"excerpt":{"rendered":"<p>Besuchen Sie Inga Whiton und mich doch auf dem Christmarkt am 06. Dezember von 15-19:00 Uhr am ALA-Infostand.<\/p>\n","protected":false},"author":6,"featured_media":10623,"comment_status":"open","ping_status":"closed","sticky":false,"template":"","format":"standard","meta":{"footnotes":""},"categories":[6],"tags":[],"class_list":["post-10620","post","type-post","status-publish","format-standard","has-post-thumbnail","hentry","category-stadtgeschichten"],"_links":{"self":[{"href":"https:\/\/alaev-lueneburg.de\/alawordpress\/wp-json\/wp\/v2\/posts\/10620","targetHints":{"allow":["GET"]}}],"collection":[{"href":"https:\/\/alaev-lueneburg.de\/alawordpress\/wp-json\/wp\/v2\/posts"}],"about":[{"href":"https:\/\/alaev-lueneburg.de\/alawordpress\/wp-json\/wp\/v2\/types\/post"}],"author":[{"embeddable":true,"href":"https:\/\/alaev-lueneburg.de\/alawordpress\/wp-json\/wp\/v2\/users\/6"}],"replies":[{"embeddable":true,"href":"https:\/\/alaev-lueneburg.de\/alawordpress\/wp-json\/wp\/v2\/comments?post=10620"}],"version-history":[{"count":50,"href":"https:\/\/alaev-lueneburg.de\/alawordpress\/wp-json\/wp\/v2\/posts\/10620\/revisions"}],"predecessor-version":[{"id":10688,"href":"https:\/\/alaev-lueneburg.de\/alawordpress\/wp-json\/wp\/v2\/posts\/10620\/revisions\/10688"}],"wp:featuredmedia":[{"embeddable":true,"href":"https:\/\/alaev-lueneburg.de\/alawordpress\/wp-json\/wp\/v2\/media\/10623"}],"wp:attachment":[{"href":"https:\/\/alaev-lueneburg.de\/alawordpress\/wp-json\/wp\/v2\/media?parent=10620"}],"wp:term":[{"taxonomy":"category","embeddable":true,"href":"https:\/\/alaev-lueneburg.de\/alawordpress\/wp-json\/wp\/v2\/categories?post=10620"},{"taxonomy":"post_tag","embeddable":true,"href":"https:\/\/alaev-lueneburg.de\/alawordpress\/wp-json\/wp\/v2\/tags?post=10620"}],"curies":[{"name":"wp","href":"https:\/\/api.w.org\/{rel}","templated":true}]}}