{"id":10580,"date":"2025-11-28T11:50:39","date_gmt":"2025-11-28T10:50:39","guid":{"rendered":"https:\/\/alaev-lueneburg.de\/alawordpress\/?p=10580"},"modified":"2025-11-28T11:58:47","modified_gmt":"2025-11-28T10:58:47","slug":"neue-ausgabe-der-aufrisse-erschienen","status":"publish","type":"post","link":"https:\/\/alaev-lueneburg.de\/alawordpress\/neue-ausgabe-der-aufrisse-erschienen\/","title":{"rendered":"Neue Ausgabe der Aufrisse erschienen"},"content":{"rendered":"\n<p class=\"has-colibri-color-6-color has-text-color has-link-color has-large-font-size wp-elements-4c9318296401f91500f63238278fbccf\">Neue Ausgabe der Aufrisse erschienen<\/p>\n\n\n\n<p class=\"has-colibri-color-6-color has-text-color has-link-color wp-elements-3afc4499aab75e6a7dc48531db9c11d5\">So mancher wartet jedes Jahr darauf: die neue Ausgabe der Aufrisse f\u00fcr 2025. Mit sch\u00f6nstem Lesestoff f\u00fcr die ruhige Zeit zum Jahreswechsel. Seit 1976 erscheint das Heft nahezu durchgehend, seit Beginn der ALA-Aktivit\u00e4ten sind die \u201eAufrisse\u201c das Medium f\u00fcr Diskussion, Dokumentation, Forschung und Meinung. Oft \u00fcberraschend, h\u00e4ufig kritisch, immer informativ.<\/p>\n\n\n\n<p class=\"has-colibri-color-6-color has-text-color has-link-color wp-elements-ae30167102a4f3d56b41cbd7ea396ada\">Auch in der diesj\u00e4hrigen Ausgabe schauen die Autoren des Heftes mit dem typischen Blick der Altstadt-Freunde- und Bewahrer auf lesenswerte Themen von damals, heute und morgen:<\/p>\n\n\n\n<p class=\"has-colibri-color-6-color has-text-color has-link-color wp-elements-0878822ce83405c48087637f34c72399\">In die Vergangenheit &#8211; mit erz\u00e4hlenswerten Geschichten \u00fcber altes Handwerk in der fr\u00fcheren Zwieback-Fabrik am Sande bzw. Glockenstra\u00dfe und in einer ehemaligen Nagelschmiede in der Koltmannstra\u00dfe.<\/p>\n\n\n\n<p class=\"has-colibri-color-6-color has-text-color has-link-color wp-elements-0a1732eb0add93ba37e392bd86b281fe\">In die Gegenwart &#8211; in Berichten \u00fcber aktuelle bauliche Herausforderungen und den Stand der Dinge beim Umbau der Villa Heyn und des Volksbank-Geb\u00e4udes.<\/p>\n\n\n\n<p class=\"has-colibri-color-6-color has-text-color has-link-color wp-elements-22e79b1618889cbcbc5e724b593c24c6\">In die Zukunft &#8211; in einem kritischen Artikel \u00fcber den unter Druck stehenden L\u00fcneburger Wohnungsmarkt im Zwiespalt mit einer weiterhin lebenswerten Altstadt. Au\u00dferdem in einem Ausblick, wie sich auch der ALA selbst zeitgem\u00e4\u00df und weiterhin vielseitig aufstellen sollte.<\/p>\n\n\n\n<p class=\"has-colibri-color-6-color has-text-color has-link-color wp-elements-d3e7af89c3355a3201245254e33a161f\">Genauso spannend sind Artikel zum Michaelis-Friedhof, \u00fcber die restaurierten Deckengem\u00e4lde im Hotel Scheffler, von alten Kaffeeg\u00e4rten in L\u00fcneburg und \u00fcber die beeindruckende Ausstellung an Formsteinen: nach jahrzehntelanger Sammlung durch Curt Pomp haben \u00fcber 240 originale Ziegel einen gut sortierten Platz im historischen ALA-Speicher am Iflock gefunden.<\/p>\n\n\n\n<p class=\"has-colibri-color-6-color has-text-color has-link-color wp-elements-12cd2e912798588b8c06b5842959c9ca\">St\u00f6bern und Schm\u00f6kern lohnt sich also.<\/p>\n\n\n\n<p class=\"has-colibri-color-6-color has-text-color has-link-color wp-elements-7518b8d58a47bcc3356846ffdff61502\">Erh\u00e4ltlich ist das neue Heft im ALA-B\u00fcro, Eingang Neue Stra\u00dfe 15, montags von 15.00 bis 17.00 Uhr. Au\u00dferdem in der Apotheke am Kran, L\u00fcnertorstra\u00dfe 5., und am ALA-Stand auf dem historischen Christmarkt am 6. und 7. Dezember.<\/p>\n\n\n\n<p>Alle bisherigen Ausgaben der Aufrisse stehen auch zum <a href=\"https:\/\/alaev-lueneburg.de\/alawordpress\/aufrisse\/\" data-type=\"link\" data-id=\"https:\/\/alaev-lueneburg.de\/alawordpress\/aufrisse\/\">kostenlosen Download<\/a> auf der Webseite des ALA zum Abruf bereit.<\/p>\n\n\n\n<p><\/p>\n","protected":false},"excerpt":{"rendered":"<p>Das Medium f\u00fcr Diskussion, Dokumentation, Forschung und Meinung.<\/p>\n","protected":false},"author":5,"featured_media":10584,"comment_status":"open","ping_status":"closed","sticky":false,"template":"","format":"standard","meta":{"footnotes":""},"categories":[10],"tags":[],"class_list":["post-10580","post","type-post","status-publish","format-standard","has-post-thumbnail","hentry","category-ala-berichte"],"_links":{"self":[{"href":"https:\/\/alaev-lueneburg.de\/alawordpress\/wp-json\/wp\/v2\/posts\/10580","targetHints":{"allow":["GET"]}}],"collection":[{"href":"https:\/\/alaev-lueneburg.de\/alawordpress\/wp-json\/wp\/v2\/posts"}],"about":[{"href":"https:\/\/alaev-lueneburg.de\/alawordpress\/wp-json\/wp\/v2\/types\/post"}],"author":[{"embeddable":true,"href":"https:\/\/alaev-lueneburg.de\/alawordpress\/wp-json\/wp\/v2\/users\/5"}],"replies":[{"embeddable":true,"href":"https:\/\/alaev-lueneburg.de\/alawordpress\/wp-json\/wp\/v2\/comments?post=10580"}],"version-history":[{"count":2,"href":"https:\/\/alaev-lueneburg.de\/alawordpress\/wp-json\/wp\/v2\/posts\/10580\/revisions"}],"predecessor-version":[{"id":10582,"href":"https:\/\/alaev-lueneburg.de\/alawordpress\/wp-json\/wp\/v2\/posts\/10580\/revisions\/10582"}],"wp:featuredmedia":[{"embeddable":true,"href":"https:\/\/alaev-lueneburg.de\/alawordpress\/wp-json\/wp\/v2\/media\/10584"}],"wp:attachment":[{"href":"https:\/\/alaev-lueneburg.de\/alawordpress\/wp-json\/wp\/v2\/media?parent=10580"}],"wp:term":[{"taxonomy":"category","embeddable":true,"href":"https:\/\/alaev-lueneburg.de\/alawordpress\/wp-json\/wp\/v2\/categories?post=10580"},{"taxonomy":"post_tag","embeddable":true,"href":"https:\/\/alaev-lueneburg.de\/alawordpress\/wp-json\/wp\/v2\/tags?post=10580"}],"curies":[{"name":"wp","href":"https:\/\/api.w.org\/{rel}","templated":true}]}}