{"id":10542,"date":"2025-11-13T09:26:39","date_gmt":"2025-11-13T08:26:39","guid":{"rendered":"https:\/\/alaev-lueneburg.de\/alawordpress\/?p=10542"},"modified":"2025-11-28T11:54:59","modified_gmt":"2025-11-28T10:54:59","slug":"stadtgeschichten-oktober-2025","status":"publish","type":"post","link":"https:\/\/alaev-lueneburg.de\/alawordpress\/stadtgeschichten-oktober-2025\/","title":{"rendered":"Stadtgeschichten Oktober 2025"},"content":{"rendered":"\n<h2 class=\"wp-block-heading has-colibri-color-6-color has-text-color has-link-color wp-elements-9558f25487cbb7c1e7e25e1563140a30\">Stadtgeschichten Oktober 2025<\/h2>\n\n\n\n<p>Liebe Leserinnen und liebe Leser,<\/p>\n\n\n<div class=\"wp-block-image is-style-default image_left\">\n<figure class=\"alignleft size-full is-resized\"><img loading=\"lazy\" decoding=\"async\" width=\"400\" height=\"312\" src=\"https:\/\/alaev-lueneburg.de\/alawordpress\/wp-content\/uploads\/2025\/11\/01-10-25.jpg\" alt=\"\" class=\"wp-image-10548\" style=\"width:197px;height:auto\" srcset=\"https:\/\/alaev-lueneburg.de\/alawordpress\/wp-content\/uploads\/2025\/11\/01-10-25.jpg 400w, https:\/\/alaev-lueneburg.de\/alawordpress\/wp-content\/uploads\/2025\/11\/01-10-25-300x234.jpg 300w\" sizes=\"auto, (max-width: 400px) 100vw, 400px\" \/><\/figure><\/div>\n\n<div class=\"wp-block-image is-style-default image_right\">\n<figure class=\"alignright size-full is-resized\"><img loading=\"lazy\" decoding=\"async\" width=\"400\" height=\"197\" src=\"https:\/\/alaev-lueneburg.de\/alawordpress\/wp-content\/uploads\/2025\/11\/02-10-25.jpg\" alt=\"\" class=\"wp-image-10549\" style=\"width:244px;height:auto\" srcset=\"https:\/\/alaev-lueneburg.de\/alawordpress\/wp-content\/uploads\/2025\/11\/02-10-25.jpg 400w, https:\/\/alaev-lueneburg.de\/alawordpress\/wp-content\/uploads\/2025\/11\/02-10-25-300x148.jpg 300w\" sizes=\"auto, (max-width: 400px) 100vw, 400px\" \/><\/figure><\/div>\n\n\n<p>Mitte Oktober durfte ich als Gast an einigen Veranstaltungen der Tagung AG Inventarisierung der Nieders. Landesbeh\u00f6rde f\u00fcr Denkmalschutz in L\u00fcneburg teilnehmen. Bei einer F\u00fchrung zur Stadtgeschichte besuchten wir u. a. die Handwerkskammer an der Friedensstra\u00dfe, die jetzt auch unter Denkmalschutz steht. Das war sehr interessant. Im ganzen Geb\u00e4ude war die Handwerkskunst der Mitglieder sichtbar. Besondere Schmiedearbeiten (rechts Foto), sch\u00f6ne Parkettb\u00f6den und im Versammlungsraum Wappen und Embleme der einzelnen Z\u00fcnfte (links). Bei der Hausf\u00fchrung wurde auch die Zeit der Nationalsozialisten nicht ausgespart. Unter dem Geb\u00e4ude befindet sich ein gro\u00dfer Luftschutzbunker. Eine anr\u00fcchige Gepflogenheit gab es fr\u00fcher im kleinen Sitzungssaal: Bevor das Rauchverbot in \u00f6ffentlichen R\u00e4umen erlassen wurde, reichte man Zigarren zu den Zusammenk\u00fcnften. Der Qualm soll so dick gewesen sein, dass man kaum die gegen\u00fcberliegende Seite erkennen konnte. Selbstverst\u00e4ndlich tagten hier nur M\u00e4nner\u2026<\/p>\n\n\n<div class=\"wp-block-image is-style-default image_left\">\n<figure class=\"alignleft size-full is-resized\"><img loading=\"lazy\" decoding=\"async\" width=\"400\" height=\"305\" src=\"https:\/\/alaev-lueneburg.de\/alawordpress\/wp-content\/uploads\/2025\/11\/03-10-25.jpg\" alt=\"\" class=\"wp-image-10550\" style=\"width:231px;height:auto\" srcset=\"https:\/\/alaev-lueneburg.de\/alawordpress\/wp-content\/uploads\/2025\/11\/03-10-25.jpg 400w, https:\/\/alaev-lueneburg.de\/alawordpress\/wp-content\/uploads\/2025\/11\/03-10-25-300x229.jpg 300w\" sizes=\"auto, (max-width: 400px) 100vw, 400px\" \/><\/figure><\/div>\n\n\n<p>Professor Werner Preu\u00df und ich konnten auch beim Vortrag des bekannten L\u00fcneburger Architekten Carl-Peter von Mansberg (92) zuh\u00f6ren, der den neuen Trakt des Kreishauses gegen\u00fcber von Kapitelsaal und Klosterruine entworfen und gebaut hat. Er sprach auch \u00fcber die Zeit, in der die H\u00e4user der Westlichen Altstadt wegen der Senkungssch\u00e4den abgerissen werden sollten. Herr von Mansberg war damals f\u00fcr eine Neugestaltung des Viertels. Seine Begr\u00fcndung beschrieb drastisch die damaligen Zust\u00e4nde: Die Westliche Altstadt war ein Schandfleck L\u00fcneburgs, bestehend aus Bruchbuden und katastrophalen hygienischen Verh\u00e4ltnissen. Ratten, Prostitution und Kriminalit\u00e4t waren an der Tagesordnung. Die Stadt L\u00fcneburg schrieb einen Architektenwettbewerb zur Neugestaltung der westlichen Altstadt aus. Herr von Mansberg hatte seinen Modellentwurf mitgebracht. Er bevorzugte den Bauhaus-Stil. Curt Pomps Plan, die alten Renaissance-Bauten wieder zu restaurieren, passte so gar nicht zu den damaligen Zukunftsvisionen der Stadt. Sp\u00e4ter haben die beiden Architekten sich regelm\u00e4\u00dfig ausgetauscht und wertgesch\u00e4tzt.<\/p>\n\n\n\n<p>Es war mir eine gro\u00dfe Freude, den Tagungsteilnehmern nach diesem Vortrag bei einem Rund-gang zu zeigen, was aus den alten Bruchbuden geworden ist. Der Regen hatte aufgeh\u00f6rt und die restaurierten Renaissance-H\u00e4user leuchteten in den sch\u00f6nsten Farben. Heute verdient die Stadt ihr Geld nicht mehr mit Salz sondern genau mit diesem ehemaligen Problemviertel, das tausende von Touristen jedes Jahr anlockt.<\/p>\n\n\n<div class=\"wp-block-image is-style-default image_left\">\n<figure class=\"alignleft size-full is-resized\"><img loading=\"lazy\" decoding=\"async\" width=\"454\" height=\"600\" src=\"https:\/\/alaev-lueneburg.de\/alawordpress\/wp-content\/uploads\/2025\/11\/04-10-25.jpg\" alt=\"\" class=\"wp-image-10551\" style=\"width:136px;height:auto\" srcset=\"https:\/\/alaev-lueneburg.de\/alawordpress\/wp-content\/uploads\/2025\/11\/04-10-25.jpg 454w, https:\/\/alaev-lueneburg.de\/alawordpress\/wp-content\/uploads\/2025\/11\/04-10-25-227x300.jpg 227w\" sizes=\"auto, (max-width: 454px) 100vw, 454px\" \/><\/figure><\/div>\n\n\n<p>Ich war mit der Gruppe auch in unserem Historischen Speicher Am Iflock und im Kapitelsaal. F\u00fcr alle war es kaum vorstellbar, dass in den vierziger Jahren eine Expertengruppe im Auftrag der Stadt das gro\u00dfe Fachwerkgeb\u00e4ude von 1476 als nicht erhaltenswert eingestuft hat (links). Der ALA hat den Speicher dann gekauft. Die ganze Geschichte ist nachzulesen im Aufrisse-Heft Nr. 8, zu finden unter https:\/\/alaev-lueneburg.de\/alawordpress\/aufrisse\/<\/p>\n\n\n<div class=\"wp-block-image is-style-default image_right\">\n<figure class=\"alignright size-full is-resized\"><img loading=\"lazy\" decoding=\"async\" width=\"400\" height=\"238\" src=\"https:\/\/alaev-lueneburg.de\/alawordpress\/wp-content\/uploads\/2025\/11\/05-10-25.jpg\" alt=\"\" class=\"wp-image-10552\" style=\"width:223px;height:auto\" srcset=\"https:\/\/alaev-lueneburg.de\/alawordpress\/wp-content\/uploads\/2025\/11\/05-10-25.jpg 400w, https:\/\/alaev-lueneburg.de\/alawordpress\/wp-content\/uploads\/2025\/11\/05-10-25-300x179.jpg 300w\" sizes=\"auto, (max-width: 400px) 100vw, 400px\" \/><\/figure><\/div>\n\n\n<p>Auch unser wertvoller Kapitelsaal von 1376 l\u00e4ge jetzt nach den damaligen Pl\u00e4nen wieder mit Schutt verf\u00fcllt unter einer dicken Erdschicht mit darauf parkenden Autos\u2026<\/p>\n\n\n\n<p>Viele, die ein renovierungsbed\u00fcrftiges historisches Haus gekauft haben, k\u00f6nnen ein Lied davon singen, was an unvorhergesehenen \u00dcberraschungen die urspr\u00fcnglichen Pl\u00e4ne verz\u00f6gert: Da dringt Wasser in den Keller ein oder unter der Putzschicht befinden sich Deckenmalereien, das Haus ist viel \u00e4lter als gedacht, die Balken sind morsch, das Dach undicht, Handwerker springen ab, das Geld reicht nicht. Und aus vielleicht 3 Jahren geplan-ter Renovierungszeit werden dann schnell 5-7 Jahre, wie z. B. am Johann-Sebastian-Bach-Platz. Nachbarn und Freunde tr\u00f6sten und ermutigen zum Durchhalten.<\/p>\n\n\n<div class=\"wp-block-image is-style-default image_left\">\n<figure class=\"alignleft size-full is-resized\"><img loading=\"lazy\" decoding=\"async\" width=\"400\" height=\"220\" src=\"https:\/\/alaev-lueneburg.de\/alawordpress\/wp-content\/uploads\/2025\/11\/06-10-25.jpg\" alt=\"\" class=\"wp-image-10553\" style=\"width:293px;height:auto\" srcset=\"https:\/\/alaev-lueneburg.de\/alawordpress\/wp-content\/uploads\/2025\/11\/06-10-25.jpg 400w, https:\/\/alaev-lueneburg.de\/alawordpress\/wp-content\/uploads\/2025\/11\/06-10-25-300x165.jpg 300w\" sizes=\"auto, (max-width: 400px) 100vw, 400px\" \/><\/figure><\/div>\n\n\n<p>Nicht ganz so verst\u00e4ndnisvoll zeigt man sich bei \u00f6ffentlichen Bauvorhaben mit \u00f6ffentlichen Geldern. Wenn sich die Bauzeit verl\u00e4ngert und die Kosten steigen wird mit Kritik nicht gespart. Ganze Projekte werden infra-ge gestellt, Schuldzuweisungen sind an der Tagesordnung. Beispiel sind die jahrelangen Querelen um die Elbphilharmonie, heute das Aush\u00e4ngeschild der Hansestadt. Auch in L\u00fcneburg kennen wir solche Projekte: Die Architektur und die Kosten des Daniel-Libeskind-Baus f\u00fchrten zu heftigsten Auseinandersetzungen in der Stadt. Und auch kleinere Bauvorhaben blieben nicht verschont. Die Probleme beim Bau des Wasserspiels im Glockenhof wurden reichlich bel\u00e4stert. Jetzt haben die Kinder im Sommer dort wunderbar gespielt und die kritischen Stimmen sind verstummt. N\u00e4chstes Beispiel:<\/p>\n\n\n<div class=\"wp-block-image is-style-default image_left\">\n<figure class=\"alignleft size-full is-resized\"><img loading=\"lazy\" decoding=\"async\" width=\"400\" height=\"297\" src=\"https:\/\/alaev-lueneburg.de\/alawordpress\/wp-content\/uploads\/2025\/11\/07-10-25.jpg\" alt=\"\" class=\"wp-image-10554\" style=\"width:185px;height:auto\" srcset=\"https:\/\/alaev-lueneburg.de\/alawordpress\/wp-content\/uploads\/2025\/11\/07-10-25.jpg 400w, https:\/\/alaev-lueneburg.de\/alawordpress\/wp-content\/uploads\/2025\/11\/07-10-25-300x223.jpg 300w\" sizes=\"auto, (max-width: 400px) 100vw, 400px\" \/><\/figure><\/div>\n\n<div class=\"wp-block-image is-style-default image_right\">\n<figure class=\"alignright size-full is-resized\"><img loading=\"lazy\" decoding=\"async\" width=\"400\" height=\"301\" src=\"https:\/\/alaev-lueneburg.de\/alawordpress\/wp-content\/uploads\/2025\/11\/08-10-25.jpg\" alt=\"\" class=\"wp-image-10555\" style=\"width:182px;height:auto\" srcset=\"https:\/\/alaev-lueneburg.de\/alawordpress\/wp-content\/uploads\/2025\/11\/08-10-25.jpg 400w, https:\/\/alaev-lueneburg.de\/alawordpress\/wp-content\/uploads\/2025\/11\/08-10-25-300x226.jpg 300w\" sizes=\"auto, (max-width: 400px) 100vw, 400px\" \/><\/figure><\/div>\n\n\n<p>Nach einem Kinobesuch wollte ich mir den neuen Innenhof der Toilettenanlage hinter der Tourist-Information ansehen und war erstaunt: Ist das sch\u00f6n geworden! Und im beeindruckenden Gew\u00f6lbekeller der Toilettenanlage gab es sogar eine Information \u00fcber die Geschichte der R\u00e4umlichkeiten. Der ALA hatte das Gl\u00fcck, diese einstige Baustelle vor Monaten besichtigen zu k\u00f6nnen. Die Stufen der Bauarbeiten mit all ihren Problemen wurden uns ausf\u00fchrlich erkl\u00e4rt. Und nun ist die Freude \u00fcber das Ergebnis doch gro\u00df. Einen positiven Kommentar nach dem jahrelangen shitstorm habe ich bislang leider nicht gefunden.<\/p>\n\n\n\n<p>Dazu passend eine weitere Stadtgeschichte aus L\u00fcneburg. In einem Gottesdienst wurde ein Journalist interviewt und gefragt, warum so wenig Positives berichtet wird. Die Antwort war besch\u00e4mend: Mord und Totschlag und Skandale verkaufen sich besser! Die Nachfrage ist viel h\u00f6her bei diesen Themen. Dennoch wage ich es, statt an Halloween an den Reformationstag zu erinnern. Die Reformation hat n\u00e4mlich in L\u00fcneburg die erste evangelische M\u00e4nnerkommunit\u00e4t in Norddeutschland hervorgebracht. Der Abt und die M\u00f6nche des katholischen St. Michaelisklosters sind zum lutherischen Glauben konvertiert, so dass der damalige Herzog sie nicht enteignen konnte. Und der L\u00fcneburger Stadtadel war froh, dass ihre S\u00f6hne weiterhin von den Benediktinern ausgebildet wurden. So blieb auch der Reichtum des Klosters durch die Salinenanteile in der Stadt\u2026<\/p>\n\n\n<div class=\"wp-block-image is-style-default image_left\">\n<figure class=\"alignleft size-full is-resized\"><img loading=\"lazy\" decoding=\"async\" width=\"400\" height=\"531\" src=\"https:\/\/alaev-lueneburg.de\/alawordpress\/wp-content\/uploads\/2025\/11\/09-10-25.jpg\" alt=\"\" class=\"wp-image-10556\" style=\"width:113px;height:auto\" srcset=\"https:\/\/alaev-lueneburg.de\/alawordpress\/wp-content\/uploads\/2025\/11\/09-10-25.jpg 400w, https:\/\/alaev-lueneburg.de\/alawordpress\/wp-content\/uploads\/2025\/11\/09-10-25-226x300.jpg 226w\" sizes=\"auto, (max-width: 400px) 100vw, 400px\" \/><\/figure><\/div>\n\n\n<p>Mittlerweile sind wir in der Winterzeit angekommen und wir haben viele dunkle, tr\u00fcbe Tage vor uns. Wir werden es uns in dieser Zeit drinnen gem\u00fctlich machen. Auch mindestens ein Kneipenabend geh\u00f6rt dazu. Besonders, wenn dieser mit einem interessanten Vortrag kombiniert wird. Am 06.11.25 um 18:00 Uhr wird uns Stadtarch\u00e4ologe Tobias Schoo im Gasthaus Nolte, Dahlenburger Landstra\u00dfe 102, von der Geschichte L\u00fcneburgs vor 2000 Jahren berichten k\u00f6nnen. Er hat am Bilmer Berg eine historische Industrielandschaft im Boden gefunden. Auch Gastgeber und Stadtgeschichten-Leser Carsten Nolte freut sich, wenn wir kommen.<\/p>\n\n\n<div class=\"wp-block-image is-style-default image_right\">\n<figure class=\"alignright size-full is-resized\"><img loading=\"lazy\" decoding=\"async\" width=\"400\" height=\"265\" src=\"https:\/\/alaev-lueneburg.de\/alawordpress\/wp-content\/uploads\/2025\/11\/10-10-25.jpg\" alt=\"\" class=\"wp-image-10547\" style=\"width:207px;height:auto\" srcset=\"https:\/\/alaev-lueneburg.de\/alawordpress\/wp-content\/uploads\/2025\/11\/10-10-25.jpg 400w, https:\/\/alaev-lueneburg.de\/alawordpress\/wp-content\/uploads\/2025\/11\/10-10-25-300x199.jpg 300w\" sizes=\"auto, (max-width: 400px) 100vw, 400px\" \/><\/figure><\/div>\n\n\n<p>Im Gegensatz zur allgemein ged\u00e4mpften Stimmung im November beginnt beim ALA schon die Vorfreude auf den Historischen Christmarkt am 06.\/07.12.25. Plakate werden ausgetragen, Einsatzpl\u00e4ne werden aufgestellt: Wer hilft beim Bratwurststand? Wer schenkt Gl\u00fchwein und Fr\u00fcchtepunsch aus? Wer hilft bei der Kost\u00fcmausgabe? Haben wir genug Stadtwachen? Wer packt beim Auf- und Abbau mit an? Bei unserem geselligen Maroni-Abend am Donnerstag, dem 04.12.25 von 17-20:00 Uhr, an dem wir die Esskastanien f\u00fcr die R\u00f6stung vorbereiten, wird all dies bei Keksen und hei\u00dfen Getr\u00e4nken besprochen. Und Sie k\u00f6nnen gerne dabei sein. Einfach anmelden beim ALA und kommen ALA.eV@t-online.de.<\/p>\n\n\n\n<p>Herzliche Gr\u00fc\u00dfe von<br>Magdalena Deutschamnn<\/p>\n\n\n\n<p><strong>PS: In eigener Sache: Leider ist mir mein ganzer Stadtgeschichten-Verteiler abhandengekommen. Wenn Sie weiterhin den Rundbrief per Mail erhalten wollen, bitte kurz an<\/strong><br><a href=\"mailto:stadtgeschichten@alaev-lueneburg.de\"><strong>stadtgeschichten@alaev-lueneburg.de<\/strong><\/a><strong> schreiben<\/strong>.<\/p>\n\n\n\n<p><\/p>\n","protected":false},"excerpt":{"rendered":"<p>Einblicke in L\u00fcneburgs Stadtgeschichte.<\/p>\n","protected":false},"author":6,"featured_media":10544,"comment_status":"open","ping_status":"closed","sticky":false,"template":"","format":"standard","meta":{"footnotes":""},"categories":[6],"tags":[],"class_list":["post-10542","post","type-post","status-publish","format-standard","has-post-thumbnail","hentry","category-stadtgeschichten"],"_links":{"self":[{"href":"https:\/\/alaev-lueneburg.de\/alawordpress\/wp-json\/wp\/v2\/posts\/10542","targetHints":{"allow":["GET"]}}],"collection":[{"href":"https:\/\/alaev-lueneburg.de\/alawordpress\/wp-json\/wp\/v2\/posts"}],"about":[{"href":"https:\/\/alaev-lueneburg.de\/alawordpress\/wp-json\/wp\/v2\/types\/post"}],"author":[{"embeddable":true,"href":"https:\/\/alaev-lueneburg.de\/alawordpress\/wp-json\/wp\/v2\/users\/6"}],"replies":[{"embeddable":true,"href":"https:\/\/alaev-lueneburg.de\/alawordpress\/wp-json\/wp\/v2\/comments?post=10542"}],"version-history":[{"count":18,"href":"https:\/\/alaev-lueneburg.de\/alawordpress\/wp-json\/wp\/v2\/posts\/10542\/revisions"}],"predecessor-version":[{"id":10583,"href":"https:\/\/alaev-lueneburg.de\/alawordpress\/wp-json\/wp\/v2\/posts\/10542\/revisions\/10583"}],"wp:featuredmedia":[{"embeddable":true,"href":"https:\/\/alaev-lueneburg.de\/alawordpress\/wp-json\/wp\/v2\/media\/10544"}],"wp:attachment":[{"href":"https:\/\/alaev-lueneburg.de\/alawordpress\/wp-json\/wp\/v2\/media?parent=10542"}],"wp:term":[{"taxonomy":"category","embeddable":true,"href":"https:\/\/alaev-lueneburg.de\/alawordpress\/wp-json\/wp\/v2\/categories?post=10542"},{"taxonomy":"post_tag","embeddable":true,"href":"https:\/\/alaev-lueneburg.de\/alawordpress\/wp-json\/wp\/v2\/tags?post=10542"}],"curies":[{"name":"wp","href":"https:\/\/api.w.org\/{rel}","templated":true}]}}