{"id":10524,"date":"2025-11-04T17:40:06","date_gmt":"2025-11-04T16:40:06","guid":{"rendered":"https:\/\/alaev-lueneburg.de\/alawordpress\/?p=10524"},"modified":"2025-11-30T10:05:06","modified_gmt":"2025-11-30T09:05:06","slug":"eindrucksvolle-deckenmalerei-von-1563-wurde-restauriert","status":"publish","type":"post","link":"https:\/\/alaev-lueneburg.de\/alawordpress\/eindrucksvolle-deckenmalerei-von-1563-wurde-restauriert\/","title":{"rendered":"Eindrucksvolle Deckenmalerei von 1563  restauriert"},"content":{"rendered":"\n<p class=\"has-colibri-color-6-color has-text-color has-link-color has-large-font-size wp-elements-d49ce7575a5ff0ed941faf8f1329d210\">Eine eindrucksvolle Deckenmalerei von 1563 wurde restauriert<\/p>\n\n\n\n<p class=\"has-colibri-color-6-color has-text-color has-link-color wp-elements-31266057c8af989816ccc2c15edc1ddf\">Im ehemaligen Hoffl\u00fcgel des in den 1520er Jahren errichteten Geb\u00e4udes Am Sande 46 (ehemals Edeka Wist) ist eine eindrucksvolle Deckenmalerei aus dem Jahre 1563 erhalten. Die Decke zeigt eine hochwertige handwerkliche Ausf\u00fchrung mit kreisrunden Medaillons mit weiblichen Allegorien der Tugenden in Grisaille-Technik (Grau-in-Grau-Malerei), akzentuiert mit Ocker- und Rott\u00f6nen. Es werden insgesamt acht Tugenden dargestellt, darunter die drei christlichen Tugenden und die vier Kardinalstugenden. <\/p>\n\n\n\n<p class=\"has-colibri-color-6-color has-text-color has-link-color wp-elements-3aff4ab665bb75236a5286c745a69f52\">An der \u201eCHARITAS\u201c, in deren Medaillon sich die Jahreszahl 1563 findet, zeigt sich auch das Monogramm \u201eAK\u201c\u2013 mutma\u00dflich das Zeichen des ausf\u00fchrenden K\u00fcnstlers, ein bislang einzigartiger Befund in L\u00fcneburg! Den hinteren Teil der Decke hat man zwischenzeitlich um 1700 im Zuge einer Kammerabtrennung neu in hellen Farben ausgemalt. Dort finden sich drei Medaillons mit Allegorien der Jahreszeiten.<\/p>\n\n\n\n<p class=\"has-colibri-color-6-color has-text-color has-link-color wp-elements-66217e72ab7131af85df4a7f29cb0d3d\">Die Malereien konnten durch eine gro\u00dfz\u00fcgige Unterst\u00fctzung des ALA im Oktober bis November 2025 konserviert und restauriert werden. Nach Er\u00f6ffnung des B\u00e4ckereicaf\u00e9s wird sie zuk\u00fcnftig f\u00fcr Besucher und G\u00e4ste sichtbar bleiben.<\/p>\n\n\n\n<p class=\"has-colibri-color-6-color has-text-color has-link-color wp-elements-9f24401bc0f044286d675bf7776a663c\">Alle Fotos von Markus Tillwick 2025 \u2013 nach der Konservierung.<\/p>\n\n\n\n<p class=\"has-colibri-color-6-color has-text-color has-link-color wp-elements-899b3c0b522ed4b178f6ecc3c85beb2d\">Wir m\u00f6chten auf ein Video in der ARD-Mediathek hinweisen, in \u00fcber die Restaurierung des 500 Jahre alten Deckengem\u00e4ldes berichtet wird.<\/p>\n\n\n\n<p>Video Ansehen: <a href=\"https:\/\/www.ardmediathek.de\/video\/hallo-niedersachsen\/lueneburg-500-jahre-altes-deckengemaelde-wird-restauriert\/ndr\/Y3JpZDovL25kci5kZS9kOTY4Nzk0NC01Yjc4LTQyZjQtODcyYi0yM2MzYmFkYzI3YmU\">Link zum Video<\/a><\/p>\n\n\n\n<div style=\"height:20px\" aria-hidden=\"true\" class=\"wp-block-spacer\"><\/div>\n\n\n\n<figure class=\"wp-block-image size-large\"><img loading=\"lazy\" decoding=\"async\" width=\"682\" height=\"1024\" src=\"https:\/\/alaev-lueneburg.de\/alawordpress\/wp-content\/uploads\/2025\/11\/Deckenmalerei1-682x1024.jpg\" alt=\"\" class=\"wp-image-10529\" srcset=\"https:\/\/alaev-lueneburg.de\/alawordpress\/wp-content\/uploads\/2025\/11\/Deckenmalerei1-682x1024.jpg 682w, https:\/\/alaev-lueneburg.de\/alawordpress\/wp-content\/uploads\/2025\/11\/Deckenmalerei1-200x300.jpg 200w, https:\/\/alaev-lueneburg.de\/alawordpress\/wp-content\/uploads\/2025\/11\/Deckenmalerei1-768x1152.jpg 768w, https:\/\/alaev-lueneburg.de\/alawordpress\/wp-content\/uploads\/2025\/11\/Deckenmalerei1-1024x1536.jpg 1024w, https:\/\/alaev-lueneburg.de\/alawordpress\/wp-content\/uploads\/2025\/11\/Deckenmalerei1.jpg 1181w\" sizes=\"auto, (max-width: 682px) 100vw, 682px\" \/><\/figure>\n\n\n\n<div style=\"height:20px\" aria-hidden=\"true\" class=\"wp-block-spacer\"><\/div>\n\n\n\n<figure class=\"wp-block-image size-full\"><img loading=\"lazy\" decoding=\"async\" width=\"640\" height=\"427\" src=\"https:\/\/alaev-lueneburg.de\/alawordpress\/wp-content\/uploads\/2025\/11\/Deckenmalerei2.jpg\" alt=\"\" class=\"wp-image-10530\" srcset=\"https:\/\/alaev-lueneburg.de\/alawordpress\/wp-content\/uploads\/2025\/11\/Deckenmalerei2.jpg 640w, https:\/\/alaev-lueneburg.de\/alawordpress\/wp-content\/uploads\/2025\/11\/Deckenmalerei2-300x200.jpg 300w\" sizes=\"auto, (max-width: 640px) 100vw, 640px\" \/><\/figure>\n\n\n\n<div style=\"height:20px\" aria-hidden=\"true\" class=\"wp-block-spacer\"><\/div>\n\n\n\n<figure class=\"wp-block-image size-large\"><img loading=\"lazy\" decoding=\"async\" width=\"1024\" height=\"682\" src=\"https:\/\/alaev-lueneburg.de\/alawordpress\/wp-content\/uploads\/2025\/11\/Deckenmalerei3-1024x682.jpg\" alt=\"\" class=\"wp-image-10531\" srcset=\"https:\/\/alaev-lueneburg.de\/alawordpress\/wp-content\/uploads\/2025\/11\/Deckenmalerei3-1024x682.jpg 1024w, https:\/\/alaev-lueneburg.de\/alawordpress\/wp-content\/uploads\/2025\/11\/Deckenmalerei3-300x200.jpg 300w, https:\/\/alaev-lueneburg.de\/alawordpress\/wp-content\/uploads\/2025\/11\/Deckenmalerei3-768x512.jpg 768w, https:\/\/alaev-lueneburg.de\/alawordpress\/wp-content\/uploads\/2025\/11\/Deckenmalerei3-1536x1024.jpg 1536w, https:\/\/alaev-lueneburg.de\/alawordpress\/wp-content\/uploads\/2025\/11\/Deckenmalerei3.jpg 1772w\" sizes=\"auto, (max-width: 1024px) 100vw, 1024px\" \/><\/figure>\n","protected":false},"excerpt":{"rendered":"<p>Der ALA unterst\u00fctze die Restaurierung.<\/p>\n","protected":false},"author":5,"featured_media":10528,"comment_status":"open","ping_status":"closed","sticky":false,"template":"","format":"standard","meta":{"footnotes":""},"categories":[10],"tags":[],"class_list":["post-10524","post","type-post","status-publish","format-standard","has-post-thumbnail","hentry","category-ala-berichte"],"_links":{"self":[{"href":"https:\/\/alaev-lueneburg.de\/alawordpress\/wp-json\/wp\/v2\/posts\/10524","targetHints":{"allow":["GET"]}}],"collection":[{"href":"https:\/\/alaev-lueneburg.de\/alawordpress\/wp-json\/wp\/v2\/posts"}],"about":[{"href":"https:\/\/alaev-lueneburg.de\/alawordpress\/wp-json\/wp\/v2\/types\/post"}],"author":[{"embeddable":true,"href":"https:\/\/alaev-lueneburg.de\/alawordpress\/wp-json\/wp\/v2\/users\/5"}],"replies":[{"embeddable":true,"href":"https:\/\/alaev-lueneburg.de\/alawordpress\/wp-json\/wp\/v2\/comments?post=10524"}],"version-history":[{"count":4,"href":"https:\/\/alaev-lueneburg.de\/alawordpress\/wp-json\/wp\/v2\/posts\/10524\/revisions"}],"predecessor-version":[{"id":10586,"href":"https:\/\/alaev-lueneburg.de\/alawordpress\/wp-json\/wp\/v2\/posts\/10524\/revisions\/10586"}],"wp:featuredmedia":[{"embeddable":true,"href":"https:\/\/alaev-lueneburg.de\/alawordpress\/wp-json\/wp\/v2\/media\/10528"}],"wp:attachment":[{"href":"https:\/\/alaev-lueneburg.de\/alawordpress\/wp-json\/wp\/v2\/media?parent=10524"}],"wp:term":[{"taxonomy":"category","embeddable":true,"href":"https:\/\/alaev-lueneburg.de\/alawordpress\/wp-json\/wp\/v2\/categories?post=10524"},{"taxonomy":"post_tag","embeddable":true,"href":"https:\/\/alaev-lueneburg.de\/alawordpress\/wp-json\/wp\/v2\/tags?post=10524"}],"curies":[{"name":"wp","href":"https:\/\/api.w.org\/{rel}","templated":true}]}}