{"id":10469,"date":"2025-08-28T19:52:00","date_gmt":"2025-08-28T17:52:00","guid":{"rendered":"https:\/\/alaev-lueneburg.de\/alawordpress\/?p=10469"},"modified":"2025-09-08T20:03:11","modified_gmt":"2025-09-08T18:03:11","slug":"werner-preuss-erhaelt-den-kulturfoerderpreis-des-landkreises-lueneburg","status":"publish","type":"post","link":"https:\/\/alaev-lueneburg.de\/alawordpress\/werner-preuss-erhaelt-den-kulturfoerderpreis-des-landkreises-lueneburg\/","title":{"rendered":"Werner Preu\u00df erh\u00e4lt den Kulturf\u00f6rderpreis"},"content":{"rendered":"\n<p class=\"has-colibri-color-6-color has-text-color has-link-color wp-elements-fe07df4b3fa35cfe2c9b7bdee239667c\">Werner Preu\u00df erh\u00e4lt den Kulturf\u00f6rderpreis des Landkreises L\u00fcneburg<\/p>\n\n\n\n<p class=\"has-colibri-color-6-color has-text-color has-link-color wp-elements-a16e069b539d9d1bbc40677246af2996\">L\u00fcneburg Aktuell berichtet: Prof. Dr. Werner Preu\u00df, Wissenschaftler, Publizist, Verleger und Kurator aus Bardowick, wird f\u00fcr sein langj\u00e4hriges Engagement in der regionalen Literatur- und Erinnerungskultur ausgezeichnet. Er gilt als einer der wichtigsten Chronisten des Landkreises L\u00fcneburg und ist zudem langj\u00e4hriges Mitglied im ALA-Vorstand.<\/p>\n\n\n\n<div style=\"height:20px\" aria-hidden=\"true\" class=\"wp-block-spacer\"><\/div>\n\n\n\n<div class=\"wp-block-buttons is-layout-flex wp-block-buttons-is-layout-flex\">\n<div class=\"wp-block-button\"><a class=\"wp-block-button__link wp-element-button\" href=\"https:\/\/www.lueneburgaktuell.de\/artikel\/kulturfoerderpreis-2025-des-landkreises-lueneburg\/\">Mehr lesen bei L\u00fcneburg Aktuell<\/a><\/div>\n<\/div>\n\n\n\n<div style=\"height:20px\" aria-hidden=\"true\" class=\"wp-block-spacer\"><\/div>\n\n\n\n<p><\/p>\n","protected":false},"excerpt":{"rendered":"<p>Werner Preu\u00df wird f\u00fcr sein langj\u00e4hriges Engagement ausgezeichnet, berichtet LGAktuell.<\/p>\n","protected":false},"author":5,"featured_media":10471,"comment_status":"open","ping_status":"closed","sticky":false,"template":"","format":"standard","meta":{"footnotes":""},"categories":[13],"tags":[],"class_list":["post-10469","post","type-post","status-publish","format-standard","has-post-thumbnail","hentry","category-verlinkte-inhalte"],"_links":{"self":[{"href":"https:\/\/alaev-lueneburg.de\/alawordpress\/wp-json\/wp\/v2\/posts\/10469","targetHints":{"allow":["GET"]}}],"collection":[{"href":"https:\/\/alaev-lueneburg.de\/alawordpress\/wp-json\/wp\/v2\/posts"}],"about":[{"href":"https:\/\/alaev-lueneburg.de\/alawordpress\/wp-json\/wp\/v2\/types\/post"}],"author":[{"embeddable":true,"href":"https:\/\/alaev-lueneburg.de\/alawordpress\/wp-json\/wp\/v2\/users\/5"}],"replies":[{"embeddable":true,"href":"https:\/\/alaev-lueneburg.de\/alawordpress\/wp-json\/wp\/v2\/comments?post=10469"}],"version-history":[{"count":3,"href":"https:\/\/alaev-lueneburg.de\/alawordpress\/wp-json\/wp\/v2\/posts\/10469\/revisions"}],"predecessor-version":[{"id":10474,"href":"https:\/\/alaev-lueneburg.de\/alawordpress\/wp-json\/wp\/v2\/posts\/10469\/revisions\/10474"}],"wp:featuredmedia":[{"embeddable":true,"href":"https:\/\/alaev-lueneburg.de\/alawordpress\/wp-json\/wp\/v2\/media\/10471"}],"wp:attachment":[{"href":"https:\/\/alaev-lueneburg.de\/alawordpress\/wp-json\/wp\/v2\/media?parent=10469"}],"wp:term":[{"taxonomy":"category","embeddable":true,"href":"https:\/\/alaev-lueneburg.de\/alawordpress\/wp-json\/wp\/v2\/categories?post=10469"},{"taxonomy":"post_tag","embeddable":true,"href":"https:\/\/alaev-lueneburg.de\/alawordpress\/wp-json\/wp\/v2\/tags?post=10469"}],"curies":[{"name":"wp","href":"https:\/\/api.w.org\/{rel}","templated":true}]}}