{"id":10426,"date":"2025-09-01T11:55:14","date_gmt":"2025-09-01T09:55:14","guid":{"rendered":"https:\/\/alaev-lueneburg.de\/alawordpress\/?p=10426"},"modified":"2025-10-02T12:12:42","modified_gmt":"2025-10-02T10:12:42","slug":"stadtgeschichten-august-2025","status":"publish","type":"post","link":"https:\/\/alaev-lueneburg.de\/alawordpress\/stadtgeschichten-august-2025\/","title":{"rendered":"Stadtgeschichten August 2025"},"content":{"rendered":"\n<h2 class=\"wp-block-heading\">Stadtgeschichten August 2025<\/h2>\n\n\n\n<p>Liebe Leserinnen und liebe Leser,<\/p>\n\n\n<div class=\"wp-block-image is-style-default image_left\">\n<figure class=\"alignleft size-full is-resized\"><img loading=\"lazy\" decoding=\"async\" width=\"389\" height=\"400\" src=\"https:\/\/alaev-lueneburg.de\/alawordpress\/wp-content\/uploads\/2025\/09\/01-08-2025.jpg\" alt=\"\" class=\"wp-image-10428\" style=\"width:139px;height:auto\" srcset=\"https:\/\/alaev-lueneburg.de\/alawordpress\/wp-content\/uploads\/2025\/09\/01-08-2025.jpg 389w, https:\/\/alaev-lueneburg.de\/alawordpress\/wp-content\/uploads\/2025\/09\/01-08-2025-292x300.jpg 292w\" sizes=\"auto, (max-width: 389px) 100vw, 389px\" \/><\/figure><\/div>\n\n\n<p>die Ferien und die Tage am Strand oder in den Bergen sind vorbei. Vielleicht blicken Sie etwas wehm\u00fctig zur\u00fcck? Im September zieht unsere Stadt alle Register, um Sie wieder f\u00fcr sich zu gewinnen. Eine F\u00fclle von Veranstaltungen verlockt, das bunte Treiben und die Aktivit\u00e4t der L\u00fcneburgerinnen und L\u00fcneburger lassen keine herbstliche Melancholie aufkommen. Deshalb werde ich zu Beginn einige Einladungen an Sie weitergeben:<\/p>\n\n\n<div class=\"wp-block-image is-style-default image_right\">\n<figure class=\"alignright size-full is-resized\"><img loading=\"lazy\" decoding=\"async\" width=\"533\" height=\"400\" src=\"https:\/\/alaev-lueneburg.de\/alawordpress\/wp-content\/uploads\/2025\/09\/02-08-2025.jpg\" alt=\"\" class=\"wp-image-10429\" style=\"width:224px;height:auto\" srcset=\"https:\/\/alaev-lueneburg.de\/alawordpress\/wp-content\/uploads\/2025\/09\/02-08-2025.jpg 533w, https:\/\/alaev-lueneburg.de\/alawordpress\/wp-content\/uploads\/2025\/09\/02-08-2025-300x225.jpg 300w\" sizes=\"auto, (max-width: 533px) 100vw, 533px\" \/><\/figure><\/div>\n\n\n<p>Das linke Wappen kommt Ihnen irgendwie bekannt vor? Nun \u2013 L\u00f6we und Herz \u2013 mutig und beherzt sind unsere Gastgeber der Kreisverwaltung, die uns zum ersten Mal auf ihr sch\u00f6nes Gel\u00e4nde, in ihre historischen Geb\u00e4ude und auch in einige B\u00fcros und Sitzungsr\u00e4ume einladen.<strong> Am Sonnabend, dem 06.09.25 von 10 \u2013 16:00<\/strong> Uhr k\u00f6nnen wir nicht nur die vielen Aufgabenbereiche der Kreisverwaltung kennen lernen, sondern wir d\u00fcrfen gemeinsam mit ihnen ein buntes Fest feiern. Bringen sie ihre Kinder und Enkelkinder mit! Im Schutz der Klostermauern k\u00f6nnen sie sich frei bewegen: Auf der Spielwiese wird getobt, eine H\u00fcpfburg, Kinder schminken und die Aktionen der beliebten Blaulicht-Fraktion wie Rettungsdienst und Feuerwehr mit ihren Spezialfahrzeugen werden die Kinder begeistern. Jugendliche rocken mit Schulbands auf dem Klosterberg oder k\u00f6nnen sich bei einem Klimaspiel oder mit dem Lastenfahrrad auf einem Parcours ausprobieren. Und die Erwachsenen werden sicher beim Kreistag und in das B\u00fcro des Landrates hineinschauen und die zahlreichen Informationsangebote nutzen. Beim Nachbarn, der Michaeliskirche, gibt es eine Schnitzeljagd und unterirdisch wird es beim \u201eUntermieter\u201cALA, der zur Besichtigung des Kapitelsaals unter der Schneidertreppe einl\u00e4dt. Der Kapitelsaal ist \u00fcbrigens der einzige erhaltene Raum der ehemaligen Ritterakademie. Hier gibt es eine kleine Ausstellung mit historischen Aufnahmen.<\/p>\n\n\n<div class=\"wp-block-image is-style-default image_left\">\n<figure class=\"alignleft size-full is-resized\"><img loading=\"lazy\" decoding=\"async\" width=\"533\" height=\"400\" src=\"https:\/\/alaev-lueneburg.de\/alawordpress\/wp-content\/uploads\/2025\/09\/03-08-2025.jpg\" alt=\"\" class=\"wp-image-10430\" style=\"width:211px;height:auto\" srcset=\"https:\/\/alaev-lueneburg.de\/alawordpress\/wp-content\/uploads\/2025\/09\/03-08-2025.jpg 533w, https:\/\/alaev-lueneburg.de\/alawordpress\/wp-content\/uploads\/2025\/09\/03-08-2025-300x225.jpg 300w\" sizes=\"auto, (max-width: 533px) 100vw, 533px\" \/><\/figure><\/div>\n\n\n<p>\u00dcbrigens planen wir mit der Kreisverwaltung einen \u201eHistory walk\u201c auf dem Klosterh\u00fcgel (links). \u201eHistory walk\u201c ist \u00fcbrigens eine Idee der kreativen Kreisverwaltung. ALA und B\u00fcrgerverein wollten eigentlich nur Informationstafeln dort aufstellen. Aber ein \u201eHistory walk\u201c ist besser und spannender! Geplant sind auch Sitzgelegenheiten, die zu einer Pause einladen. Das Verweilen lohnt sich: Der gro\u00dfe Baumbestand des Gel\u00e4ndes spendet Schatten und die kleine Streuobstwiese darf beerntet werden. Die Kaltluftschneise von Westen sorgt immer f\u00fcr frischen Wind und gute Luft. Das tut gut nach einem Altstadtbummel.<\/p>\n\n\n<div class=\"wp-block-image is-style-default image_right\">\n<figure class=\"alignright size-full is-resized\"><img loading=\"lazy\" decoding=\"async\" width=\"282\" height=\"400\" src=\"https:\/\/alaev-lueneburg.de\/alawordpress\/wp-content\/uploads\/2025\/09\/04-08-2025.jpg\" alt=\"\" class=\"wp-image-10431\" style=\"width:166px;height:auto\" srcset=\"https:\/\/alaev-lueneburg.de\/alawordpress\/wp-content\/uploads\/2025\/09\/04-08-2025.jpg 282w, https:\/\/alaev-lueneburg.de\/alawordpress\/wp-content\/uploads\/2025\/09\/04-08-2025-212x300.jpg 212w\" sizes=\"auto, (max-width: 282px) 100vw, 282px\" \/><\/figure><\/div>\n\n\n<p>W\u00e4hrend bei der Kreisverwaltung geh\u00fcpft, gespielt und musiziert wird, wird zeitgleich im ehemaligen L\u00fcnebuch-Haus Am Markt gewandelt. Die \u201eWandelwochen\u201c beginnen mit einem Wandelmarkt, auf dem sich viele L\u00fcneburger Organisationen und Initiativen vorstellen. Es gibt auch Ausstellungen dort, die in der Woche besucht werden k\u00f6nnen. <strong>Feierlich er\u00f6ffnet wird die Wandelwoche um 19:00 Uhr durch die Oberb\u00fcrgermeisterin Claudia Kalisch. <\/strong>Darauf folgt das politische Seniorenkabarett \u201eL\u00fcneburger \u2013 gepfeffert und gesalzen\u201c, die Theatergruppe von LIVT, die Band \u201eFunkstation\u201c und viele Wortbeitr\u00e4ge. Das komplette Programm der Wandelwoche k\u00f6nnen Sie in Ruhe studieren unter <a href=\"http:\/\/www.wandelwoche-lueneburg.de\">www.wandelwoche-lueneburg.de<\/a><\/p>\n\n\n<div class=\"wp-block-image is-style-default image_left\">\n<figure class=\"alignleft size-full is-resized\"><img loading=\"lazy\" decoding=\"async\" width=\"283\" height=\"400\" src=\"https:\/\/alaev-lueneburg.de\/alawordpress\/wp-content\/uploads\/2025\/09\/Stadtteilfest-Schuetzenplatz-Neu-Hagen.jpg\" alt=\"\" class=\"wp-image-10437\" style=\"width:95px;height:auto\" srcset=\"https:\/\/alaev-lueneburg.de\/alawordpress\/wp-content\/uploads\/2025\/09\/Stadtteilfest-Schuetzenplatz-Neu-Hagen.jpg 283w, https:\/\/alaev-lueneburg.de\/alawordpress\/wp-content\/uploads\/2025\/09\/Stadtteilfest-Schuetzenplatz-Neu-Hagen-212x300.jpg 212w\" sizes=\"auto, (max-width: 283px) 100vw, 283px\" \/><\/figure><\/div>\n\n\n<p>Bei all den gro\u00dfartigen Veranstaltungen in der Innenstadt geraten die vielen liebevoll vorbereiteten Feste in den Stadtteilen oft ins Hintertreffen. So gibt es auch am <strong>06.09.25 ein Stadtteilfest in Neu Hagen<\/strong>. Ich habe das sch\u00f6ne Plakat einfach mal abfotografiert\u2026 Einfach auf 200% vergr\u00f6\u00dfern, dann sehen Sie, dass nach den Aktionen (15-18:00) Am Pferdeteich in Neu Hagen ab 20:00 Uhr ein Quiz und eine Party im Brauhaus Nolte folgen. Auch sehr reizvoll &#8211; und sehr gem\u00fctlich!<\/p>\n\n\n<div class=\"wp-block-image is-style-default image_right\">\n<figure class=\"alignright size-full is-resized\"><img loading=\"lazy\" decoding=\"async\" width=\"533\" height=\"400\" src=\"https:\/\/alaev-lueneburg.de\/alawordpress\/wp-content\/uploads\/2025\/09\/06-08-2025.jpg\" alt=\"\" class=\"wp-image-10432\" style=\"width:236px;height:auto\" srcset=\"https:\/\/alaev-lueneburg.de\/alawordpress\/wp-content\/uploads\/2025\/09\/06-08-2025.jpg 533w, https:\/\/alaev-lueneburg.de\/alawordpress\/wp-content\/uploads\/2025\/09\/06-08-2025-300x225.jpg 300w\" sizes=\"auto, (max-width: 533px) 100vw, 533px\" \/><\/figure><\/div>\n\n\n<p>Ohne unsere Quartiersmanagerinnen und Quartiersmanager in den Au\u00dfenbezirken h\u00e4tten unsere Stadtrandbewohner kaum Kontaktm\u00f6glichkeiten. Diese Arbeit vor Ort verdient unsere Aufmerksamkeit und unsere Wertsch\u00e4tzung. Weitere Beispiele und Programme aus den Stadtteilen finden Sie unter: <a href=\"https:\/\/www.hansestadt-lueneburg.de\/gesellschaft-soziales-und-bildung\/soziales\/stadtteilbuero-hanseviertel.html\">https:\/\/www.hansestadt-lueneburg.de\/gesellschaft-soziales-und-bildung\/soziales\/stadtteilbuero-hanseviertel.html<\/a> und <a href=\"https:\/\/www.hansestadt-lueneburg.de\/gesellschaft-soziales-und-bildung\/soziales\/oase-oedeme.html\">https:\/\/www.hansestadt-lueneburg.de\/gesellschaft-soziales-und-bildung\/soziales\/oase-oedeme.html<\/a><br>Hier rechts sieht man das neue Stadtteilhaus \u201eOase\u201c in Oedeme.<\/p>\n\n\n<div class=\"wp-block-image is-style-default image_left\">\n<figure class=\"alignleft size-full is-resized\"><img loading=\"lazy\" decoding=\"async\" width=\"923\" height=\"400\" src=\"https:\/\/alaev-lueneburg.de\/alawordpress\/wp-content\/uploads\/2025\/09\/07-08-2025.jpg\" alt=\"\" class=\"wp-image-10433\" style=\"width:353px;height:auto\" srcset=\"https:\/\/alaev-lueneburg.de\/alawordpress\/wp-content\/uploads\/2025\/09\/07-08-2025.jpg 923w, https:\/\/alaev-lueneburg.de\/alawordpress\/wp-content\/uploads\/2025\/09\/07-08-2025-300x130.jpg 300w, https:\/\/alaev-lueneburg.de\/alawordpress\/wp-content\/uploads\/2025\/09\/07-08-2025-768x333.jpg 768w\" sizes=\"auto, (max-width: 923px) 100vw, 923px\" \/><\/figure><\/div>\n\n\n<p>Eine ganz besondere Veranstaltung gibt es am Donnerstag, dem 18.09.25 um 19:00 Uhr in der Ratsb\u00fccherei: Tilman K\u00fcntzel spricht \u00fcber \u201eIm Westen \u2013 L\u00fcneburg \u2013 Blick hinter die Kulisse\u201c. Der Autor Tilman K\u00fcntzel hat ein sehr umfassendes Werk \u00fcber die Geschichte des westlichen Teils unserer Hansestadt herausgebracht. Er berichtet \u00fcber viele neue Erkenntnisse seiner umfangreichen Recherchen, u.a. \u00fcber den Schildstein, den Eiskeller, den Kalkberg und die Saline.<\/p>\n\n\n\n<p>Anmeldungen bitte an: <a href=\"mailto:ratsbuecherei@stadt.lueneburg.de\">ratsbuecherei@stadt.lueneburg.de<\/a><\/p>\n\n\n<div class=\"wp-block-image is-style-default image_right\">\n<figure class=\"alignright size-full is-resized\"><img loading=\"lazy\" decoding=\"async\" width=\"256\" height=\"400\" src=\"https:\/\/alaev-lueneburg.de\/alawordpress\/wp-content\/uploads\/2025\/09\/08-08-2025.jpg\" alt=\"\" class=\"wp-image-10434\" style=\"width:103px;height:auto\" srcset=\"https:\/\/alaev-lueneburg.de\/alawordpress\/wp-content\/uploads\/2025\/09\/08-08-2025.jpg 256w, https:\/\/alaev-lueneburg.de\/alawordpress\/wp-content\/uploads\/2025\/09\/08-08-2025-192x300.jpg 192w\" sizes=\"auto, (max-width: 256px) 100vw, 256px\" \/><\/figure><\/div>\n\n\n<p>Zum Schluss noch einige selbstkritische Anmerkungen in eigener Sache: Denkmalsch\u00fctzerinnen und Denkmalsch\u00fctzer sind oft nicht gerade beliebt. Sie gelten als r\u00fcckw\u00e4rtsgewandt, als Zukunftsverhinderer und als wenig flexibel, wenn es um die Sache geht. Die Wahrheit ist: Sie sind noch viel schlimmer! Das ist auch im privaten Bereich oft ein Problem: Urlaub ohne historische Orte geht nicht. Wenn schon Strand oder einsame Berge dann folgen immer gleich Denkmale, Museen, Lost places. Bei Spazierg\u00e4ngen wird jedes interessante Haus in Augenschein genommen, jedes Schild gelesen, was die Geschichte des Geb\u00e4udes beschreibt. Besonders attraktiv sind halb verfallene H\u00e4user, die zum Verkauf an- geboten werden. Nichts ist so kaputt, dass man es nicht retten k\u00f6nnte! Wann ist das Geb\u00e4ude wohl gebaut? Was lugt unter dem Putz hervor? Wie sieht es von hinten aus? Kann man durch die Fenster etwas erkennen? Wie teuer mag es sein? Wie k\u00f6nnte man es restaurieren? Will man dann gepflegt essen gehen, entscheidet nicht die Speisekarte sondern das Ambiente des Lokals. Stuckdecke oder Wandmalereien sind wichtiger als \u201ehaute cuisine\u201c. Und \u00fcber misslungene Renovierungen wird sich nat\u00fcrlich aufgeregt\u2026 (Die Zeichnung oben ist \u00fcbrigens von Curt Pomp!)<\/p>\n\n\n<div class=\"wp-block-image is-style-default image_left\">\n<figure class=\"alignleft size-full is-resized\"><img loading=\"lazy\" decoding=\"async\" width=\"706\" height=\"941\" src=\"https:\/\/alaev-lueneburg.de\/alawordpress\/wp-content\/uploads\/2025\/09\/09-08-2025.jpg\" alt=\"\" class=\"wp-image-10435\" style=\"width:99px;height:auto\" srcset=\"https:\/\/alaev-lueneburg.de\/alawordpress\/wp-content\/uploads\/2025\/09\/09-08-2025.jpg 706w, https:\/\/alaev-lueneburg.de\/alawordpress\/wp-content\/uploads\/2025\/09\/09-08-2025-225x300.jpg 225w\" sizes=\"auto, (max-width: 706px) 100vw, 706px\" \/><\/figure><\/div>\n\n<div class=\"wp-block-image is-style-default image_right\">\n<figure class=\"alignright size-full is-resized\"><img loading=\"lazy\" decoding=\"async\" width=\"708\" height=\"400\" src=\"https:\/\/alaev-lueneburg.de\/alawordpress\/wp-content\/uploads\/2025\/09\/10-08-2025.jpg\" alt=\"\" class=\"wp-image-10436\" style=\"width:240px;height:auto\" srcset=\"https:\/\/alaev-lueneburg.de\/alawordpress\/wp-content\/uploads\/2025\/09\/10-08-2025.jpg 708w, https:\/\/alaev-lueneburg.de\/alawordpress\/wp-content\/uploads\/2025\/09\/10-08-2025-300x169.jpg 300w\" sizes=\"auto, (max-width: 708px) 100vw, 708px\" \/><\/figure><\/div>\n\n\n<p>Alles wird mit L\u00fcneburg verglichen (Foto links): \u201eMit den Aufklebern ist es hier ja noch schlimmer als in L\u00fcneburg\u201c und \u201eJa, das Wasserspiel ist gr\u00f6\u00dfer als bei uns, aber in L\u00fcneburg ist das Drumherum sch\u00f6ner\u201c(Foto rechts).<br><\/p>\n\n\n\n<p><br><br><\/p>\n\n\n\n<p>Wenn Sie trotzdem mit einem Menschen dieser Spezies zusammen sind (oder selbst dazu geh\u00f6ren) machen Sie ihr oder ihm doch eine Freude und gehen Sie gemeinsam zum <strong>\u201eTag des offenen Denkmals\u201c am Sonntag, dem 14.09.25<\/strong> \u2013 das Highlight des Jahres f\u00fcr alle Denkmalbesch\u00fctzerinnen und \u2013 Besch\u00fctzer. Endlich \u00f6ffnen sich hier T\u00fcren sonst verschlossener Geb\u00e4ude, man bekommt Erl\u00e4uterungen und kann sich in Ruhe alles anschauen. Und endlich ist man unter Gleichgesinnten und kann sich fachkundig austauschen. Nat\u00fcrlich geh\u00f6rt der ALA zu den Gastgebern und \u00f6ffnet seinen historischen Speicher, der es sogar auf das Titelbild des Flyers geschafft hat. Bei uns k\u00f6nnen sie in uraltem Gem\u00e4uer von 1476 Gesammeltes aus Abbruchh\u00e4usern und Nachl\u00e4ssen<br>und unsere gro\u00dfe Formsteinsammlung bewundern. Ich denke, wir sehen uns\u2026<\/p>\n\n\n\n<p>Herzliche Gr\u00fc\u00dfe<br>Magdalena Deutschmann<br>ALA-Stadtgeschichten<br><a href=\"mailto:stadtgeschichten@alaev-lueneburg.de\">stadtgeschichten@alaev-lueneburg.de<\/a><\/p>\n\n\n\n<p><\/p>\n","protected":false},"excerpt":{"rendered":"<p>Im September zieht unsere Stadt alle Register, um Sie wieder f\u00fcr sich zu gewinnen&#8230;<\/p>\n","protected":false},"author":6,"featured_media":9476,"comment_status":"open","ping_status":"closed","sticky":false,"template":"","format":"standard","meta":{"footnotes":""},"categories":[6],"tags":[],"class_list":["post-10426","post","type-post","status-publish","format-standard","has-post-thumbnail","hentry","category-stadtgeschichten"],"_links":{"self":[{"href":"https:\/\/alaev-lueneburg.de\/alawordpress\/wp-json\/wp\/v2\/posts\/10426","targetHints":{"allow":["GET"]}}],"collection":[{"href":"https:\/\/alaev-lueneburg.de\/alawordpress\/wp-json\/wp\/v2\/posts"}],"about":[{"href":"https:\/\/alaev-lueneburg.de\/alawordpress\/wp-json\/wp\/v2\/types\/post"}],"author":[{"embeddable":true,"href":"https:\/\/alaev-lueneburg.de\/alawordpress\/wp-json\/wp\/v2\/users\/6"}],"replies":[{"embeddable":true,"href":"https:\/\/alaev-lueneburg.de\/alawordpress\/wp-json\/wp\/v2\/comments?post=10426"}],"version-history":[{"count":31,"href":"https:\/\/alaev-lueneburg.de\/alawordpress\/wp-json\/wp\/v2\/posts\/10426\/revisions"}],"predecessor-version":[{"id":10502,"href":"https:\/\/alaev-lueneburg.de\/alawordpress\/wp-json\/wp\/v2\/posts\/10426\/revisions\/10502"}],"wp:featuredmedia":[{"embeddable":true,"href":"https:\/\/alaev-lueneburg.de\/alawordpress\/wp-json\/wp\/v2\/media\/9476"}],"wp:attachment":[{"href":"https:\/\/alaev-lueneburg.de\/alawordpress\/wp-json\/wp\/v2\/media?parent=10426"}],"wp:term":[{"taxonomy":"category","embeddable":true,"href":"https:\/\/alaev-lueneburg.de\/alawordpress\/wp-json\/wp\/v2\/categories?post=10426"},{"taxonomy":"post_tag","embeddable":true,"href":"https:\/\/alaev-lueneburg.de\/alawordpress\/wp-json\/wp\/v2\/tags?post=10426"}],"curies":[{"name":"wp","href":"https:\/\/api.w.org\/{rel}","templated":true}]}}