{"id":10389,"date":"2025-08-11T11:05:10","date_gmt":"2025-08-11T09:05:10","guid":{"rendered":"https:\/\/alaev-lueneburg.de\/alawordpress\/?p=10389"},"modified":"2025-08-31T10:25:31","modified_gmt":"2025-08-31T08:25:31","slug":"stadtgeschichten-juni-2025-2","status":"publish","type":"post","link":"https:\/\/alaev-lueneburg.de\/alawordpress\/stadtgeschichten-juni-2025-2\/","title":{"rendered":"Stadtgeschichten Juli 2025"},"content":{"rendered":"\n<h2 class=\"wp-block-heading\">Stadtgeschichten Juli 2025<\/h2>\n\n\n\n<h4 class=\"wp-block-heading\"><strong>Demokratie? \u2013 Demokratie!<\/strong><\/h4>\n\n\n\n<p><strong>Liebe Leserinnen und liebe Leser,<\/strong><strong><\/strong><\/p>\n\n\n<div class=\"wp-block-image is-style-default image_left\">\n<figure class=\"alignleft size-full is-resized\"><img loading=\"lazy\" decoding=\"async\" width=\"663\" height=\"538\" src=\"https:\/\/alaev-lueneburg.de\/alawordpress\/wp-content\/uploads\/2025\/08\/01-07-2025.jpg\" alt=\"\" class=\"wp-image-10394\" style=\"width:189px;height:auto\" srcset=\"https:\/\/alaev-lueneburg.de\/alawordpress\/wp-content\/uploads\/2025\/08\/01-07-2025.jpg 663w, https:\/\/alaev-lueneburg.de\/alawordpress\/wp-content\/uploads\/2025\/08\/01-07-2025-300x243.jpg 300w\" sizes=\"auto, (max-width: 663px) 100vw, 663px\" \/><\/figure><\/div>\n\n\n<p>ich bin im Verteiler von \u201eL\u00fcne-Blog\u201c, einem Informationsportal f\u00fcr Stadt und Landkreis. Dort wurde eingeladen, an einer Sonderfahrt zum Nieders\u00e4chsischen Landtag teilzunehmen, bei einer Plenarsitzung zuzuh\u00f6ren und mit Landtagsabgeordneten unseres Wahlkreises zu diskutieren. Gastgeber war Philipp Meyn (SPD). Da die meisten von Ihnen, liebe Leserin, lieber Leser aus beruflichen Gr\u00fcnden werktags nicht teilnehmen k\u00f6nnen, berichte ich Ihnen von den Erfahrungen im Landtag und warum dies auch eine Stadtgeschichte ist. Viele der teilnehmenden 50 L\u00fcneburgerinnen und L\u00fcneburgern waren erfahrene G\u00e4ste, die auch schon an Fahrten zum Bundestag in Berlin teilgenommen hatten. Einige hatten sich auf die Diskussion vorbereitet und Fragen im Gep\u00e4ck. Wir waren \u00fcberwiegend Ehrenamtliche und Seniorinnen und Senioren.<\/p>\n\n\n\n<p>Im Landtagsgeb\u00e4ude wurden wir freundlich von Philipp Meyn empfangen und bekamen von einer Mitarbeiterin eine Einf\u00fchrung in die Arbeit des Landtages. Danach durften wir auf der Besuchertrib\u00fcne Platz nehmen. Auf dem Foto sehen Sie links in der Mitte das Pr\u00e4sidium, links und rechts davon der Ministerpr\u00e4sident Olaf Lies und die Ministerinnen und Minister der rot-gr\u00fcnen Koalition. Die Landtagsabgeordneten (z. Zt. 146) im Halbkreis: Oben SPD, dann B\u00fcndnis 90\/Gr\u00fcne, CDU und unten AFD. Mitte hinten die Pressetrib\u00fcne. Auf den Besucherbalkonen wechselten st\u00e4ndig die Besuchergruppen. \u00dcberwiegend waren es Sch\u00fclerinnen und Sch\u00fcler.<\/p>\n\n\n\n<p>Wir gerieten gleich in eine sehr kontroverse Diskussion zu einem Antrag der CDU \u201eVon Pannen, Planlosigkeit und Personalfragen im Justizministerium\u201c. Die neue Justizministerin Dr. Kathrin Wahlmann wurde heftigst attackiert. Die Landtagspr\u00e4sidentin musste zur Ordnung rufen und erinnerte an die Einhaltung der Redezeiten. Dann kamen SPD und Gr\u00fcne mit Gegendarstellungen. Der Ton war insgesamt sehr rauh und verletzend.<\/p>\n\n\n<div class=\"wp-block-image is-style-default image_right\">\n<figure class=\"alignright size-full is-resized\"><img loading=\"lazy\" decoding=\"async\" width=\"547\" height=\"538\" src=\"https:\/\/alaev-lueneburg.de\/alawordpress\/wp-content\/uploads\/2025\/08\/02-07-2025.jpg\" alt=\"\" class=\"wp-image-10395\" style=\"width:149px;height:auto\" srcset=\"https:\/\/alaev-lueneburg.de\/alawordpress\/wp-content\/uploads\/2025\/08\/02-07-2025.jpg 547w, https:\/\/alaev-lueneburg.de\/alawordpress\/wp-content\/uploads\/2025\/08\/02-07-2025-300x295.jpg 300w\" sizes=\"auto, (max-width: 547px) 100vw, 547px\" \/><\/figure><\/div>\n\n\n<p>Beim n\u00e4chsten Tagesordnungspunkt \u201e\u00c4nderung des Nieders. Deichgesetzes\u201c war man sich hingegen schnell einig. Dass die Deichverb\u00e4nde aufgrund des Klimawandels zuk\u00fcnftig mehr Unterst\u00fctzung brauchen, war unstrittig. Eine \u00c4nderung des Nieders. Gleichstellungsgesetzes f\u00fcr Helferinnen und Helfer im Katastrophenschutz wurde abgelehnt. Das geltende Gesetz sei ausreichend.<\/p>\n\n\n\n<p>Unsere Zeit im Plenarsaal war zu Ende. Die Landtagsabgeordneten hatten noch 5 Stunden Sitzung vor sich. In einer Pause sah ich, wie eine Sch\u00fclergruppe einem Politiker ein Geschenk (?) \u00fcberreichte. Umringt von Fraktionskolleg*innen ein kleines Highlight in dem n\u00fcchternen Geb\u00e4ude\u2026<\/p>\n\n\n\n<p>Mein pers\u00f6nliches Highlight war die Diskussion mit unseren Landtagsabgeordneten: Philipp Meyn (SPD), Anna Bauseneick (CDU) und Pascal Mennen (B\u00fcndnis 90\/Gr\u00fcne) stellten sich zur Verf\u00fcgung. Sie waren ein fr\u00f6hliches und entspanntes Team und wir vielleicht eine willkommene Abwechslung. Ganz offensichtlich gab es hier keine Konkurrenzk\u00e4mpfe. Man ging fast freundschaftlich miteinander um und erz\u00e4hlte, dass man nach den anstrengenden Sitzungstagen auch mal auf ein Bier zusammensitzt. Mein Einwand, dass ich mir das auf kommunaler Ebene in L\u00fcneburg kaum vorstellen k\u00f6nnte, wurde von den L\u00fcneburgern best\u00e4tigt. Ja, schade eigentlich\u2026<\/p>\n\n\n\n<p>Aus unserer Gruppe wurde das Thema \u201eInklusion in der Schule\u201c angesprochen. Unsere Abgeordneten h\u00f6rten aufmerksam zu und kannten die Situation in L\u00fcneburg. Zum Schluss fragte jemand, wer von unseren 3 Gastgebern sich vorstellen k\u00f6nnte, im n\u00e4chsten Jahr als Oberb\u00fcrgermeister*in zu kandidieren. Auch solche Fragen waren erlaubt. Die Antworten werde ich hier nicht kommunizieren.&nbsp;&nbsp;&nbsp;&nbsp;&nbsp;&nbsp;&nbsp;&nbsp;&nbsp;&nbsp;&nbsp;&nbsp;&nbsp;&nbsp;&nbsp;&nbsp;<\/p>\n\n\n<div class=\"wp-block-image is-style-default image_left\">\n<figure class=\"alignleft size-full is-resized\"><img loading=\"lazy\" decoding=\"async\" width=\"403\" height=\"538\" src=\"https:\/\/alaev-lueneburg.de\/alawordpress\/wp-content\/uploads\/2025\/08\/03-07-2025.jpg\" alt=\"\" class=\"wp-image-10396\" style=\"width:136px;height:auto\" srcset=\"https:\/\/alaev-lueneburg.de\/alawordpress\/wp-content\/uploads\/2025\/08\/03-07-2025.jpg 403w, https:\/\/alaev-lueneburg.de\/alawordpress\/wp-content\/uploads\/2025\/08\/03-07-2025-225x300.jpg 225w\" sizes=\"auto, (max-width: 403px) 100vw, 403px\" \/><\/figure><\/div>\n\n<div class=\"wp-block-image is-style-default image_right\">\n<figure class=\"alignright size-full is-resized\"><img loading=\"lazy\" decoding=\"async\" width=\"409\" height=\"538\" src=\"https:\/\/alaev-lueneburg.de\/alawordpress\/wp-content\/uploads\/2025\/08\/04-07-2025.jpg\" alt=\"\" class=\"wp-image-10397\" style=\"width:108px;height:auto\" srcset=\"https:\/\/alaev-lueneburg.de\/alawordpress\/wp-content\/uploads\/2025\/08\/04-07-2025.jpg 409w, https:\/\/alaev-lueneburg.de\/alawordpress\/wp-content\/uploads\/2025\/08\/04-07-2025-228x300.jpg 228w\" sizes=\"auto, (max-width: 409px) 100vw, 409px\" \/><\/figure><\/div>\n\n\n<p>Zur\u00fcck in die ALA-Wirklichkeit. Als ich k\u00fcrzlich in unserem Speicher Am Iflock war, habe ich mich doch etwas erschrocken. Dort standen 2 S\u00e4ulen aus dem abgerissenen alten Krankenhaustrakt. Diese S\u00e4ulen haben mich vor 2 Jahren, als ich l\u00e4nger im Krankenhaus lag, sehr beeindruckt. Als ALA-Mitglied wurde ich sogar im Krankenbett gefragt, ob wir diesen historischen Flur nicht retten k\u00f6nnten. Alle folgenden Versuche waren leider vergeblich. Ein ganz kleiner Trost: Das Jugendstilfenster konnte gerade noch vor den Baggern in Sicherheit gebracht werden.&nbsp; Es soll im neuen Geb\u00e4ude im Eingangsbereich aufgestellt werden. <a href=\"https:\/\/www.lueneburgaktuell.de\/artikel\/video-ala-sichert-buntglasfenter\/\">https:\/\/www.lueneburgaktuell.de\/artikel\/video-ala-sichert-buntglasfenter\/<\/a> Ein gro\u00dfes Dankesch\u00f6n an Glasermeister Eckhard Pols, Reiner Netwall, Rainer Haffke und Inga und Gary Whiton f\u00fcr ihren Einsatz in letzter Minute.<\/p>\n\n\n<div class=\"wp-block-image is-style-default image_left\">\n<figure class=\"alignleft size-full is-resized\"><img loading=\"lazy\" decoding=\"async\" width=\"636\" height=\"483\" src=\"https:\/\/alaev-lueneburg.de\/alawordpress\/wp-content\/uploads\/2025\/08\/05-07-2025.jpg\" alt=\"\" class=\"wp-image-10398\" style=\"width:177px;height:auto\" srcset=\"https:\/\/alaev-lueneburg.de\/alawordpress\/wp-content\/uploads\/2025\/08\/05-07-2025.jpg 636w, https:\/\/alaev-lueneburg.de\/alawordpress\/wp-content\/uploads\/2025\/08\/05-07-2025-300x228.jpg 300w\" sizes=\"auto, (max-width: 636px) 100vw, 636px\" \/><\/figure><\/div>\n\n\n<p>Viele von Ihnen sind jetzt im Urlaub. An Regentagen empfiehlt sich eine entspannende Zeit auf dem Sofa mit guter Lekt\u00fcre. Als Stadtgeschichten-Leser*in sollten Sie unbedingt unsere neue ALA-Website einmal studieren. Im wahrsten Sinne des Wortes. Wir haben alle Aufrisse-Publikationen seit 1976 ins Netz gestellt! Dazu auch alle aktuellen Veranstaltungen und alle Stadtgeschichten ab 2022. Mehr Stadtgeschichte geht nicht. <a href=\"https:\/\/alaev-lueneburg.de\/alawordpress\/\">https:\/\/alaev-lueneburg.de\/alawordpress\/<\/a><\/p>\n\n\n<div class=\"wp-block-image is-style-default image_right\">\n<figure class=\"alignright size-full is-resized\"><img loading=\"lazy\" decoding=\"async\" width=\"307\" height=\"319\" src=\"https:\/\/alaev-lueneburg.de\/alawordpress\/wp-content\/uploads\/2025\/08\/06-07-2025.jpg\" alt=\"\" class=\"wp-image-10399\" style=\"width:106px;height:auto\" srcset=\"https:\/\/alaev-lueneburg.de\/alawordpress\/wp-content\/uploads\/2025\/08\/06-07-2025.jpg 307w, https:\/\/alaev-lueneburg.de\/alawordpress\/wp-content\/uploads\/2025\/08\/06-07-2025-289x300.jpg 289w\" sizes=\"auto, (max-width: 307px) 100vw, 307px\" \/><\/figure><\/div>\n\n\n<p>Ja, es ist Urlaubszeit. Jetzt str\u00f6men sie wieder durch unsere Stadt. 30% der G\u00e4ste kommen wegen der Serie \u201eRote Rosen\u201c. Vielleicht geh\u00f6ren Sie genau wie ich zu denjenigen, die diese Serie fast nie gesehen haben. Und manche bel\u00e4cheln die Fans, die auf den Spuren ihrer Helden durch L\u00fcneburg wandeln. Ich habe dazu eine kleine Stadtgeschichte: Am Sande wurde ich von zwei Damen angesprochen, die ganz in Rosa gekleidet und pr\u00e4chtig geschm\u00fcckt waren. Sie wollten zum Hotel Drei K\u00f6nige (Bergstr\u00f6m) und waren sehr aufgeregt. Wegen der \u201eRoten Rosen\u201c waren sie aus der Pfalz angereist und gl\u00fchten vor Freude, nun in L\u00fcneburg, ihrer Traumstadt zu sein. Das war so niedlich, dass ich meine Haltung ge\u00e4ndert haben. Lassen wir den RR-Touris doch ihre Freude an unserer Stadt und allen anderen auch\u2026<\/p>\n\n\n<div class=\"wp-block-image is-style-default image_left\">\n<figure class=\"alignleft size-full is-resized\"><img loading=\"lazy\" decoding=\"async\" width=\"760\" height=\"558\" src=\"https:\/\/alaev-lueneburg.de\/alawordpress\/wp-content\/uploads\/2025\/08\/07-07-2025.jpg\" alt=\"\" class=\"wp-image-10393\" style=\"width:150px;height:auto\" srcset=\"https:\/\/alaev-lueneburg.de\/alawordpress\/wp-content\/uploads\/2025\/08\/07-07-2025.jpg 760w, https:\/\/alaev-lueneburg.de\/alawordpress\/wp-content\/uploads\/2025\/08\/07-07-2025-300x220.jpg 300w\" sizes=\"auto, (max-width: 760px) 100vw, 760px\" \/><\/figure><\/div>\n\n\n<p>Nicht als Touristin, sondern als Altstadtbewohnerin genie\u00dft hier links Mia eine kleine Auszeit auf dem Wasserturm. Zwischen Studium (Kulturwissenschaften) und Job im Caf\u00e9 erkundet sie die Innenstadt. Mia ist gerade umgezogen. In ihr Zimmer in der Grapengie\u00dferstra\u00dfe kamen nachts die M\u00e4use. Nun lebt sie im Wasserviertel. Von den Wasserratten dort habe ich ihr nichts erz\u00e4hlt\u2026<\/p>\n\n\n\n<p>Mitte August sind die Ferien und der Sommer schon wieder vorbei. Kulturell ist noch nicht allzu viel los. Daf\u00fcr beginnt die Erntezeit. In der Kolonie Schildstein findet am 23.08.25 ab 15:00 Uhr ein Fest zum 90-ig j\u00e4hrigen Jubil\u00e4um statt. Ich werde um 16:00 Uhr dort eine F\u00fchrung auf meiner alten Obstwiese anbieten. Hajo Boldt hat dazu 2024 ein Video aufgenommen: <a href=\"https:\/\/www.lueneburgaktuell.de\/artikel\/video-ala-alte-obstsorten\/\">https:\/\/www.lueneburgaktuell.de\/artikel\/video-ala-alte-obstsorten\/<\/a> Ab 15:00 Uhr sollen Kaffee und Kuchen bereitstehen. Ich lade Sie herzlich ein sich anzuschauen, woher das Obst auf der ALA-Handwerkerstra\u00dfe kommt und die Pflaumen in unseren Buchteln. Bei Interesse maile ich ihnen einen Lageplan, damit Sie sich in der gro\u00dfen Kolonie nicht verlaufen.<\/p>\n\n\n\n<p>Vielleicht lesen Sie die Stadtgeschichten gerade an Ihrem Urlaubsort? Ich hoffe, Sie haben ein sch\u00f6nes Quartier \u2013 Ferienwohnung \u2013 Hotel usw. Ich hoffe, Sie haben gute Gastgeber an einem gastfreundlichen Ort mit aufgeschlossenen Bewohnern. Auch wir sind ja irgendwann Touristen, die sich w\u00fcnschen, willkommen zu sein. In diesem Sinne&nbsp;mit herzlichen Gr\u00fc\u00dfen Magdalena Deutschmann, ALA \u2013 Stadtgeschichten ( <a href=\"mailto:stadtgeschichten@alaev-lueneburg.de\">stadtgeschichten@alaev-lueneburg.de<\/a>)<\/p>\n\n\n\n<p><\/p>\n","protected":false},"excerpt":{"rendered":"<p>Als Stadtgeschichten-Leser*in sollten Sie unbedingt unsere neue ALA-Website einmal studieren.<\/p>\n","protected":false},"author":6,"featured_media":10413,"comment_status":"open","ping_status":"closed","sticky":false,"template":"","format":"standard","meta":{"footnotes":""},"categories":[6],"tags":[],"class_list":["post-10389","post","type-post","status-publish","format-standard","has-post-thumbnail","hentry","category-stadtgeschichten"],"_links":{"self":[{"href":"https:\/\/alaev-lueneburg.de\/alawordpress\/wp-json\/wp\/v2\/posts\/10389","targetHints":{"allow":["GET"]}}],"collection":[{"href":"https:\/\/alaev-lueneburg.de\/alawordpress\/wp-json\/wp\/v2\/posts"}],"about":[{"href":"https:\/\/alaev-lueneburg.de\/alawordpress\/wp-json\/wp\/v2\/types\/post"}],"author":[{"embeddable":true,"href":"https:\/\/alaev-lueneburg.de\/alawordpress\/wp-json\/wp\/v2\/users\/6"}],"replies":[{"embeddable":true,"href":"https:\/\/alaev-lueneburg.de\/alawordpress\/wp-json\/wp\/v2\/comments?post=10389"}],"version-history":[{"count":16,"href":"https:\/\/alaev-lueneburg.de\/alawordpress\/wp-json\/wp\/v2\/posts\/10389\/revisions"}],"predecessor-version":[{"id":10424,"href":"https:\/\/alaev-lueneburg.de\/alawordpress\/wp-json\/wp\/v2\/posts\/10389\/revisions\/10424"}],"wp:featuredmedia":[{"embeddable":true,"href":"https:\/\/alaev-lueneburg.de\/alawordpress\/wp-json\/wp\/v2\/media\/10413"}],"wp:attachment":[{"href":"https:\/\/alaev-lueneburg.de\/alawordpress\/wp-json\/wp\/v2\/media?parent=10389"}],"wp:term":[{"taxonomy":"category","embeddable":true,"href":"https:\/\/alaev-lueneburg.de\/alawordpress\/wp-json\/wp\/v2\/categories?post=10389"},{"taxonomy":"post_tag","embeddable":true,"href":"https:\/\/alaev-lueneburg.de\/alawordpress\/wp-json\/wp\/v2\/tags?post=10389"}],"curies":[{"name":"wp","href":"https:\/\/api.w.org\/{rel}","templated":true}]}}