{"id":10323,"date":"2025-07-29T09:53:31","date_gmt":"2025-07-29T07:53:31","guid":{"rendered":"https:\/\/alaev-lueneburg.de\/alawordpress\/?p=10323"},"modified":"2025-08-11T10:41:39","modified_gmt":"2025-08-11T08:41:39","slug":"infobrief-juli-2025","status":"publish","type":"post","link":"https:\/\/alaev-lueneburg.de\/alawordpress\/infobrief-juli-2025\/","title":{"rendered":"Infobrief Juli 2025"},"content":{"rendered":"\n<h2 class=\"wp-block-heading\">Infobrief Juli 2025<\/h2>\n\n\n\n<p>Hallo liebe Mitglieder,<\/p>\n\n\n\n<p>wie ihr sicher bereits erfahren habt, wurde ein neuer Vorstand gew\u00e4hlt. Neben den Neuwahlen ist vieles passiert, zum Beispiel auch eine neugestaltete Webseite, und genau dar\u00fcber wollen wir in dem neuen Infobrief berichten.<\/p>\n\n\n<div class=\"wp-block-image is-style-default image_right\">\n<figure class=\"alignright size-full is-resized\"><img loading=\"lazy\" decoding=\"async\" width=\"400\" height=\"599\" src=\"https:\/\/alaev-lueneburg.de\/alawordpress\/wp-content\/uploads\/2025\/07\/01-07-2025.jpg\" alt=\"\" class=\"wp-image-10353\" style=\"width:227px;height:auto\" srcset=\"https:\/\/alaev-lueneburg.de\/alawordpress\/wp-content\/uploads\/2025\/07\/01-07-2025.jpg 400w, https:\/\/alaev-lueneburg.de\/alawordpress\/wp-content\/uploads\/2025\/07\/01-07-2025-200x300.jpg 200w\" sizes=\"auto, (max-width: 400px) 100vw, 400px\" \/><\/figure><\/div>\n\n\n<p>Damit ihr schneller findet, was ihr sucht, gibt es verschiedene Rubriken. Unter \u201eWas ist passiert?\u201c werdet ihr \u00fcber Ereignisse und Veranstaltungen informiert, die zwischen zwei Infobriefen liegen. \u201eWas bewegt uns?\u201c hier m\u00f6chten wir auch \u00fcber die Dinge informieren, die derzeit unsere Gem\u00fcter erregen, wo wir Handlungsbedarf sehen und wo wir uns \u00c4nderungen w\u00fcnschen. Unter \u201eTue Gutes und rede dar\u00fcber\u201c stellen wir Projekte vor, die wir als Verein unterst\u00fctzt haben, sei es materiell, finanziell oder personell. Dann haben wir noch den Punkt \u201eGesucht wird\u201c, das ist ein Punkt, der f\u00fcr unseren Verein sehr wichtig ist, denn Ehrenamt lebt vom Mitmachen. Wir werden dort Anfragen zum Mitwirken einstellen, sei es auf Veranstaltungen des ALA, das Engagement in einer Arbeitsgruppe (z.B. Gew\u00e4nder) oder auch die Anfrage zur Unterst\u00fctzung mit Women- oder Manpower. Was soll gro\u00df zu \u201eTermine, Termine, Termine\u201c gesagt werden, die Rubrik selbst ist die Antwort auf den Inhalt. Aktionen f\u00fcr ALA-Mitglieder, interessante Veranstaltung, F\u00fchrungen oder einfach mal zum Hinschauen und was nicht in die ersten f\u00fcnf Punkte passt, kommt unter \u201eD\u00fct un Dat\u201c.<\/p>\n\n\n\n<p>Soweit zum Aufbau des neuen Infobriefes, und nun w\u00fcnscht der Vorstand \u2026<\/p>\n\n\n\n<p>\u2026viel Spa\u00df beim Lesen.<\/p>\n\n\n\n<h3 class=\"wp-block-heading\">Was ist passiert?<\/h3>\n\n\n\n<h4 class=\"wp-block-heading\">Mitgliederversammlung am 08. Mai 2025<\/h4>\n\n\n<div class=\"wp-block-image is-style-default image_right\">\n<figure class=\"alignright size-full is-resized\"><img loading=\"lazy\" decoding=\"async\" width=\"600\" height=\"401\" src=\"https:\/\/alaev-lueneburg.de\/alawordpress\/wp-content\/uploads\/2025\/07\/02-07-2025.jpg\" alt=\"\" class=\"wp-image-10352\" style=\"width:319px;height:auto\" srcset=\"https:\/\/alaev-lueneburg.de\/alawordpress\/wp-content\/uploads\/2025\/07\/02-07-2025.jpg 600w, https:\/\/alaev-lueneburg.de\/alawordpress\/wp-content\/uploads\/2025\/07\/02-07-2025-300x201.jpg 300w\" sizes=\"auto, (max-width: 600px) 100vw, 600px\" \/><\/figure><\/div>\n\n\n<p>Die scheidenden Vorsitzenden Inga Whiton und Reiner Netwall hielten ihren Jahresbericht. Neben den Sachen, die den ALA bewegen, konnte auch Positives berichtet werden, so kamen \u00fcber 1.600 Besucher zur Ausstellung \u201eOhne uns w\u00e4r alles weg\u201c anl\u00e4sslich des 50-j\u00e4hrigen Bestehens des Vereins und Mitglied Christian Burgdorff erhielt das Bundesverdienstkreuz.Mit den Neuwahlen lenken nunmehr die Geschicke des Vereins: Steffen Wolter als erster und Rainer Haffke als zweiter Vorsitzender wiedergew\u00e4hlt wurden J\u00fcrgen Labatz als Schatzmeister und Prof. Dr. Werner Preuss als Schriftf\u00fchrer, und die Funktion des Beisitzers \u00fcbernahm Reiner Netwall.<br>Weitere Infos:<br><a href=\"https:\/\/alaev-lueneburg.de\/alawordpress\/mitgliederversammlung-2025-neuer-vorstand\/\">https:\/\/alaev-lueneburg.de\/alawordpress\/mitgliederversammlung-2025-neuer-vorstand\/<\/a><\/p>\n\n\n\n<h4 class=\"wp-block-heading\">Eine Stra\u00dfe, viele Geschichten<\/h4>\n\n\n<div class=\"wp-block-image is-style-default image_left\">\n<figure class=\"alignleft size-full is-resized\"><img loading=\"lazy\" decoding=\"async\" width=\"400\" height=\"433\" src=\"https:\/\/alaev-lueneburg.de\/alawordpress\/wp-content\/uploads\/2025\/07\/03-07-2025.jpg\" alt=\"\" class=\"wp-image-10351\" style=\"width:98px;height:auto\" srcset=\"https:\/\/alaev-lueneburg.de\/alawordpress\/wp-content\/uploads\/2025\/07\/03-07-2025.jpg 400w, https:\/\/alaev-lueneburg.de\/alawordpress\/wp-content\/uploads\/2025\/07\/03-07-2025-277x300.jpg 277w\" sizes=\"auto, (max-width: 400px) 100vw, 400px\" \/><\/figure><\/div>\n\n\n<p>Zu einer ganz besonderen F\u00fchrung lud Magdalena Deutschmann vom Arbeitskreis L\u00fcneburger Altstadt am 29. Mai 2025 ein. Mit einer Gruppe von rund 40 Zuh\u00f6rern machte sie sich auf den Weg, die Stra\u00dfe \u201eAuf der Altstadt\u201c genauer zu betrachten und etwas \u00fcber die verborgenen Geschichten hinter den H\u00e4userfassaden zu erfahren.<br>Weitere Infos: <a href=\"https:\/\/alaev-lueneburg.de\/alawordpress\/eine-strasse-viele-geschichten\/\">https:\/\/alaev-lueneburg.de\/alawordpress\/eine-strasse-viele-geschichten\/<\/a><\/p>\n\n\n\n<h4 class=\"wp-block-heading\">ALA auf dem Stadtfest von L\u00fcneburg<\/h4>\n\n\n<div class=\"wp-block-image is-style-default image_left\">\n<figure class=\"alignleft size-full is-resized\"><img loading=\"lazy\" decoding=\"async\" width=\"822\" height=\"547\" src=\"https:\/\/alaev-lueneburg.de\/alawordpress\/wp-content\/uploads\/2025\/07\/04-07-2025.jpg\" alt=\"\" class=\"wp-image-10350\" style=\"width:162px;height:auto\" srcset=\"https:\/\/alaev-lueneburg.de\/alawordpress\/wp-content\/uploads\/2025\/07\/04-07-2025.jpg 822w, https:\/\/alaev-lueneburg.de\/alawordpress\/wp-content\/uploads\/2025\/07\/04-07-2025-300x200.jpg 300w, https:\/\/alaev-lueneburg.de\/alawordpress\/wp-content\/uploads\/2025\/07\/04-07-2025-768x511.jpg 768w\" sizes=\"auto, (max-width: 822px) 100vw, 822px\" \/><\/figure><\/div>\n\n\n<p>Am Sonntag, dem 22.06.2025, pr\u00e4sentierte sich der Arbeitskreis L\u00fcneburger Altstadt (ALA) auf dem Stadtfest von L\u00fcneburg. Hier informierte der Verein \u00fcber sein Tun und Wirken, au\u00dferdem wurde auch das ein oder andere Mitglied geworben.<br>Weitere Infos: <a href=\"https:\/\/alaev-lueneburg.de\/alawordpress\/ala-auf-dem-stadtfest-von-lueneburg\/\">https:\/\/alaev-lueneburg.de\/alawordpress\/ala-auf-dem-stadtfest-von-lueneburg\/<\/a><\/p>\n\n\n\n<h4 class=\"wp-block-heading\">Gedenktafel f\u00fcr Curt Pomp in der L\u00fcneburger Altstadt enth\u00fcllt<\/h4>\n\n\n\n<p>L\u00fcneburg Aktuell berichtet: Am 28. M\u00e4rz 2025 wurde in der Unteren Ohlingerstra\u00dfe ein bronzenes Relief enth\u00fcllt, das an Curt Pomp (1933\u20132023) erinnert \u2013 den Begr\u00fcnder des ALA.<br>Mehr Infos:<br>https:\/\/alaev-lueneburg.de\/alawordpress\/gedenktafel-fuer-curt-pomp-enthuellt\/<\/p>\n\n\n\n<h4 class=\"wp-block-heading\">Neue ALA Webseite ist online<\/h4>\n\n\n\n<p>Das erwartet Leser auf der neuen Webseite:<\/p>\n\n\n\n<ul class=\"wp-block-list\">\n<li>Aktuelle Nachrichten und Ank\u00fcndigungen.<\/li>\n\n\n\n<li>Einblick in Projekte und Aktivit\u00e4ten.<\/li>\n\n\n\n<li>Informationen zu den Zielen und Werten des ALA.<\/li>\n\n\n\n<li>Kontaktm\u00f6glichkeiten und Ansprechpartner.<\/li>\n<\/ul>\n\n\n\n<p>Mehr Infos: <a href=\"https:\/\/alaev-lueneburg.de\/\">https:\/\/alaev-lueneburg.de\/<\/a><\/p>\n\n\n\n<h3 class=\"wp-block-heading\">Was bewegt uns?<\/h3>\n\n\n\n<h4 class=\"wp-block-heading\">Alter Kran wieder beschmiert<\/h4>\n\n\n<div class=\"wp-block-image is-style-default image_left\">\n<figure class=\"alignleft size-full is-resized\"><img loading=\"lazy\" decoding=\"async\" width=\"600\" height=\"451\" src=\"https:\/\/alaev-lueneburg.de\/alawordpress\/wp-content\/uploads\/2025\/07\/05-07-2025.jpg\" alt=\"\" class=\"wp-image-10349\" style=\"width:103px;height:auto\" srcset=\"https:\/\/alaev-lueneburg.de\/alawordpress\/wp-content\/uploads\/2025\/07\/05-07-2025.jpg 600w, https:\/\/alaev-lueneburg.de\/alawordpress\/wp-content\/uploads\/2025\/07\/05-07-2025-300x226.jpg 300w\" sizes=\"auto, (max-width: 600px) 100vw, 600px\" \/><\/figure><\/div>\n\n\n<p>Bereits zum dritten Mal innerhalb von 15 Monaten wurde der Alte Kran, ein Wahrzeichen L\u00fcneburgs, mit Graffiti beschmiert. Der Schriftzug \u201eFC Hansa\u201c wurde aufgespr\u00fcht. Die Entfernung ist aufwendig und kostspielig.<br>Weitere Infos: <a href=\"https:\/\/alaev-lueneburg.de\/alawordpress\/alter-kran-wieder-beschmiert\/\">https:\/\/alaev-lueneburg.de\/alawordpress\/alter-kran-wieder-beschmiert\/<\/a><\/p>\n\n\n\n<h4 class=\"wp-block-heading\">Rosen sollen an einem anderen Platz \u201ebl\u00fchen\u201c<\/h4>\n\n\n\n<p>L\u00fcneburg Aktuell berichtet: Ein Werbeschild f\u00fcr die \u201eRoten Rosen\u201c am Alten Kran sorgt f\u00fcr Kritik \u2013 der ALA nennt es st\u00f6rend f\u00fcr das historische Stadtbild. Das Schild soll nun versetzt und neu gestaltet werden.<br>Weitere Infos: <\/p>\n\n\n\n<p><a href=\"https:\/\/alaev-lueneburg.de\/alawordpress\/deplaziertes-werbeschild\/\">https:\/\/alaev-lueneburg.de\/alawordpress\/deplaziertes-werbeschild\/<\/a><br>Erg\u00e4nzung: In der Zwischenzeit hat das Schild (auf Vorschlag des ALA) seinen Platz an der Brausebr\u00fccke gefunden<\/p>\n\n\n\n<h4 class=\"wp-block-heading\">Leerstand von Wohnungen und L\u00e4den, sowie der wachsende Anteil von (nicht genehmigten) Ferienwohnungen in der Altstadt<\/h4>\n\n\n\n<p>Der ALA fordert ein aktuelles Wohnungsleerstands- und Ferienwohnungsregister vom Fachbereich f\u00fcr Stadtentwicklung. Zus\u00e4tzlich sieht der ALA die Zukunft in kleinen L\u00e4den (Umbau von gro\u00dfen L\u00e4den), mit gleichzeitiger M\u00f6glichkeit, die Wohnungen \u00fcber den L\u00e4den als Wohnraum nutzbar zu machen.<\/p>\n\n\n\n<h4 class=\"wp-block-heading\">Umbauten<\/h4>\n\n\n\n<p>Einigen Architekten fehlt die direkte Verbindung zu dem historischen Stadtbild, hier geht der ALA ins Gespr\u00e4ch mit den zust\u00e4ndigen Beh\u00f6rden und Architekten und macht sich stark, um Ver\u00e4nderungen in der Planung zu bewirken. So bei der Gestaltung des IHK-Geb\u00e4udes, der Sparkasse, sowie der geplante Umbau der Volksbank \u201eAm Ochsenmarkt\u201c, hier wurde neben den Gespr\u00e4chen mit Architekten, auch der Versuch gestartet, das Geb\u00e4ude unter Denkmalschutz zu stellen, der Antrag wurde abgelehnt.<\/p>\n\n\n\n<p><strong>Unsere weiteren Sorgenkinder:<\/strong><\/p>\n\n\n\n<ul class=\"wp-block-list\">\n<li>Das ausgebrannte Geb\u00e4ude an der Lauensteinstra\u00dfe 9 und die Weiternutzung<\/li>\n\n\n\n<li>Villa Heyn mit Anbau, der einem die Tr\u00e4nen in die Augen schie\u00dfen l\u00e4sst<\/li>\n\n\n\n<li>M\u00f6gliche Solaranlagen auf den D\u00e4chern der H\u00e4user in der Altstadt<\/li>\n\n\n\n<li>Die Sitzm\u00f6bel auf dem Markt vor dem Brunnen<\/li>\n\n\n\n<li>G\u00f6rgestra\u00dfe 4: \u201eHaus sucht neues Frauchen oder Herrchen\u201c<\/li>\n<\/ul>\n\n\n\n<p><\/p>\n\n\n\n<h3 class=\"wp-block-heading\">Tue Gutes und rede dar\u00fcber<\/h3>\n\n\n\n<h4 class=\"wp-block-heading\">F\u00f6rderung f\u00fcr Fenster Ohlingerstra\u00dfe 7<\/h4>\n\n\n\n<p>Der ALA unterst\u00fctzt die Beschaffung und Restaurierung von Fenstern im Haus Ohlinger Stra\u00dfe 7 mit 3000,- \u20ac<\/p>\n\n\n\n<h4 class=\"wp-block-heading\">Restaurierung des Kapitelsaals<\/h4>\n\n\n<div class=\"wp-block-image is-style-default image_right\">\n<figure class=\"alignright size-full is-resized\"><img loading=\"lazy\" decoding=\"async\" width=\"600\" height=\"796\" src=\"https:\/\/alaev-lueneburg.de\/alawordpress\/wp-content\/uploads\/2025\/07\/06-07-2025.jpg\" alt=\"\" class=\"wp-image-10348\" style=\"width:202px;height:auto\" srcset=\"https:\/\/alaev-lueneburg.de\/alawordpress\/wp-content\/uploads\/2025\/07\/06-07-2025.jpg 600w, https:\/\/alaev-lueneburg.de\/alawordpress\/wp-content\/uploads\/2025\/07\/06-07-2025-226x300.jpg 226w\" sizes=\"auto, (max-width: 600px) 100vw, 600px\" \/><\/figure><\/div>\n\n\n<p>Da sich Steine gel\u00f6st haben und die Wand stabilisiert werden musste, wurden Ma\u00dfnahmen ergriffen, damit die Steine nicht herausfallen, deshalb wurden die W\u00e4nde verputzt. Auf dem Beh\u00f6rdengel\u00e4nde soll eine Sitzecke entstehen.<\/p>\n\n\n\n<h4 class=\"wp-block-heading\">Hinweisschilder zur Altstadt und dem Salzmuseum<\/h4>\n\n\n\n<p>Wir haben uns stark daf\u00fcr gemacht, dass eine Hinweistafel an der Kreuzung \u201eVierorten\u201c aufgestellt wird, die die Besucher auch in die \u201ewestliche\u201c Altstadt f\u00fchrt, diese ist f\u00fcr viele Touristen immer noch ein unbekannter Ort.<\/p>\n\n\n\n<h4 class=\"wp-block-heading\">Gef\u00fchl f\u00fcr die Altstadt entwickeln<\/h4>\n\n\n\n<p>Damit die Verantwortlichen in der Stadtverwaltung sehen, welch wundersch\u00f6ne Stadt sie verwalten, wurden und werden F\u00fchrungen f\u00fcr die zust\u00e4ndigen Fachbereiche durchgef\u00fchrt. Hier hat sich gezeigt, dass ein Teil der Stadtbediensteten noch keinen Kontakt zur westlichen Altstadt hatte. Die F\u00fchrung war ein voller Erfolg, wir konnten die Arbeit und das Wirken des ALA gut vermitteln. Die \u201eEntwicklung des Gef\u00fchls f\u00fcr die Altstadt\u201c werden wir fortsetzen und \u201edie neuen Stadtbediensteten\u201c in der Beh\u00f6rde erneut dazu einladen.<\/p>\n\n\n\n<h4 class=\"wp-block-heading\">Reparatur des Gipsbrennofens (Am Kalkberg 7)<\/h4>\n\n\n<div class=\"wp-block-image is-style-default image_right\">\n<figure class=\"alignright size-full is-resized\"><img loading=\"lazy\" decoding=\"async\" width=\"822\" height=\"551\" src=\"https:\/\/alaev-lueneburg.de\/alawordpress\/wp-content\/uploads\/2025\/07\/07-07-2025.jpg\" alt=\"\" class=\"wp-image-10347\" style=\"width:192px;height:auto\" srcset=\"https:\/\/alaev-lueneburg.de\/alawordpress\/wp-content\/uploads\/2025\/07\/07-07-2025.jpg 822w, https:\/\/alaev-lueneburg.de\/alawordpress\/wp-content\/uploads\/2025\/07\/07-07-2025-300x201.jpg 300w, https:\/\/alaev-lueneburg.de\/alawordpress\/wp-content\/uploads\/2025\/07\/07-07-2025-768x515.jpg 768w\" sizes=\"auto, (max-width: 822px) 100vw, 822px\" \/><\/figure><\/div>\n\n\n<p>Steine am Gipsbrennofen mussten wieder neu verfugt und befestigt werden, der ALA \u00fcbernimmt die Kosten von ca. 13.000 \u20ac.<\/p>\n\n\n\n<p><\/p>\n\n\n\n<p><\/p>\n\n\n\n<h3 class=\"wp-block-heading\">Gesucht wird&#8230;<\/h3>\n\n\n\n<p><strong>Viele, viele Mitwirkende f\u00fcr unsere Veranstaltungen<\/strong><\/p>\n\n\n\n<p>Ihr habt Lust aktiv bei uns mitzumachen, wisst aber nicht wie?<br>Die L\u00f6sung ist diesem Infobrief beigef\u00fcgt, f\u00fcllt einfach den beiliegenden Zettel aus und schickt ihn uns zu (Post, E-Mail, Pers\u00f6nlich, etc.).<\/p>\n\n\n\n<p>******************************<\/p>\n\n\n\n<p><strong>Speziell suchen wir (in historischer Gewandung \u2013 diese stellt der ALA zur Verf\u00fcgung):<\/strong><\/p>\n\n\n\n<p>F\u00fcr den Tag des Denkmals am <strong><u>14.09.2025 in der Zeit von 11.00 Uhr bis 17.00 Uhr<\/u><\/strong> bis zu sechs Mitwirkende (auch in Schichten oder so wie ihr wollt und k\u00f6nnt).<\/p>\n\n\n\n<p>F\u00fcr den Umzug bei den S\u00fclfmeistertagen <strong><u>am 28.09.2025 in der der Zeit von ca. 10.00 Uhr bis ca. 14.00 Uhr<\/u><\/strong> so viele kommen k\u00f6nnen, je mehr desto besser.<\/p>\n\n\n\n<p><strong>Interesse?<\/strong> Dann meldet Euch unter:<\/p>\n\n\n\n<p><a href=\"mailto:meike.flim@alaev-lueneburg.de\">meike.flim@alaev-lueneburg.de<\/a>  oder  <a href=\"mailto:andreas.bahr@alaev-lueneburg.de\">andreas.bahr@alaev-lueneburg.de<\/a><\/p>\n\n\n\n<h3 class=\"wp-block-heading\">Termine, Termine, Termine<\/h3>\n\n\n\n<p><strong>ALA-Stammtisch (kommt einfach vorbei):<\/strong><br>Immer am 1. Donnerstag im Monat um 19.00 Uhr im Kapitelsaal<\/p>\n\n\n\n<p><strong>ALA-Stadtwachen:<\/strong><br>05. September 2025 um 19.00 Uhr im Kapitelsaal<\/p>\n\n\n\n<p><strong>Offener Speicher \u2013 F\u00fchrung (bitte vorher anmelden):<\/strong><br>Demn\u00e4chst neue Termine<\/p>\n\n\n\n<p><strong>Ver\u00e4nderungen im Salzmuseum: Was wollen die ALA-Mitglieder?<\/strong> (bitte vorher anmelden):<br>15. August 2025 um 16.00 Uhr (Rundgang)<\/p>\n\n\n\n<p><strong>Tag des Denkmals:<\/strong><br>14. September 2025, der ALA \u00f6ffnet seinen Speicher<\/p>\n\n\n\n<p><strong>S\u00fclfmeistertage:<\/strong><br>26. September bis 28. September in der Stadt<\/p>\n\n\n\n<p><strong>Historischer Christmarkt:<\/strong><br>Samstag, 6. Dezember 2025 und Sonntag, 07. Dezember 2025<\/p>\n\n\n\n<p><strong>Alte Handwerkerstra\u00dfe:<\/strong><br>Samstag, 5. September 2026 und Sonntag, 06. September 2026<\/p>\n\n\n\n<h3 class=\"wp-block-heading\">D\u00fct un Dat<\/h3>\n\n\n\n<h4 class=\"wp-block-heading\">Aufbau von Arbeitsgruppen<\/h4>\n\n\n\n<p>Du hast Lust zu n\u00e4hen und m\u00f6chtest Dein Talent nutzen und vielleicht sogar weitergeben?<\/p>\n\n\n\n<p>Dann komme in unsere N\u00e4hgruppe, vielleicht m\u00f6chtest Du sogar die Gruppe \u201ein die Hand nehmen\u201c, wir suchen immer begeisterte Mitglieder, die sich engagieren.<\/p>\n\n\n\n<p>Du hast noch andere Ideen f\u00fcr weitere Arbeitsgruppen? Dann melde Dich bei uns, dann suchen wir gemeinsam nach Gleichgesinnten.<\/p>\n\n\n\n<h4 class=\"wp-block-heading\">Stadtgeschichten<\/h4>\n\n\n<div class=\"wp-block-image is-style-default image_right\">\n<figure class=\"alignright size-full is-resized\"><img loading=\"lazy\" decoding=\"async\" width=\"600\" height=\"399\" src=\"https:\/\/alaev-lueneburg.de\/alawordpress\/wp-content\/uploads\/2025\/07\/08-07-2025.jpg\" alt=\"\" class=\"wp-image-10346\" style=\"width:258px;height:auto\" srcset=\"https:\/\/alaev-lueneburg.de\/alawordpress\/wp-content\/uploads\/2025\/07\/08-07-2025.jpg 600w, https:\/\/alaev-lueneburg.de\/alawordpress\/wp-content\/uploads\/2025\/07\/08-07-2025-300x200.jpg 300w\" sizes=\"auto, (max-width: 600px) 100vw, 600px\" \/><\/figure><\/div>\n\n\n<p>Magdalena Deutschmann organisierte wieder interessante F\u00fchrungen durch die Altstadt. Einmal ging es um die Stra\u00dfe \u201eAuf der Altstadt\u201c und die Geschichten hinter den Geb\u00e4uden. Ein anderer Rundgang hatte das Thema: \u201eKloster, Kirche, Kreisverwaltung\u201c, rund um die Historie des Klosters St. Michaelis. Wer mehr wissen m\u00f6chte:<\/p>\n\n\n\n<p><a href=\"https:\/\/alaev-lueneburg.de\/stadtgeschichten\/\">https:\/\/alaev-lueneburg.de\/stadtgeschichten\/<\/a><br><a href=\"https:\/\/alaev-lueneburg.de\/ala-berichte\/\">https:\/\/alaev-lueneburg.de\/ala-berichte\/<\/a><\/p>\n\n\n\n<h4 class=\"wp-block-heading\">Kalkbergimpressionen<\/h4>\n\n\n\n<p>Liebes ALA-Mitglied, liebe L\u00fcneburger, waren Sie schon mal am oder auf dem Kalkberg? Wir laden Sie herzlich zu einem Rundgang ein.<\/p>\n\n\n<div class=\"wp-block-image is-style-default image_left\">\n<figure class=\"alignleft size-full is-resized\"><img loading=\"lazy\" decoding=\"async\" width=\"600\" height=\"401\" src=\"https:\/\/alaev-lueneburg.de\/alawordpress\/wp-content\/uploads\/2025\/07\/09-07-2025.jpg\" alt=\"\" class=\"wp-image-10345\" style=\"width:386px;height:auto\" srcset=\"https:\/\/alaev-lueneburg.de\/alawordpress\/wp-content\/uploads\/2025\/07\/09-07-2025.jpg 600w, https:\/\/alaev-lueneburg.de\/alawordpress\/wp-content\/uploads\/2025\/07\/09-07-2025-300x201.jpg 300w\" sizes=\"auto, (max-width: 600px) 100vw, 600px\" \/><\/figure><\/div>\n\n\n<p>Der Kalkberg, mit seinem Gips, war neben dem L\u00fcneburger Salz eine wichtige Geldeinnahmequelle, au\u00dferdem stand auf dem Berg das Geb\u00e4ude, das unserer Stadt den Namen gegeben hat. Die Burg hie\u00df Hliuniburg und Hliuni bedeutet so viel wie Zufluchtsort, sp\u00e4ter wurde der Name \u201elatainisiert\u201c und wurde zu Lunaburgum.<\/p>\n\n\n\n<p>Wie der erfahrene L\u00fcneburger wei\u00df, wurde die Burg und das angrenzende Michaeliskloster von den B\u00fcrgern der Stadt im Jahre 1371 eingenommen und zerst\u00f6rt. Sp\u00e4ter entstand auf dem Kalkberg ein Wachturm und nach 1636 wurde der Kalkberg zu einer starken Festung umgebaut.<\/p>\n\n\n\n<p>Vom Gipsbrennofen geht der Weg wieder Richtung Schnellenberger Weg, kurz vor dem Erreichen geht es nach rechts, dort liegt ein gro\u00dfer M\u00fchlstein, der fr\u00fcher den Gips gemahlen hat, die Tour geht aber den linken Abzweig, zwischen Wohnh\u00e4usern und Kalkberg, entlang, dort trifft man auf Reste der alten Festungsmauer. Die wurde mithilfe der Unterst\u00fctzung des ALA restauriert und weiter geht der Weg langsam den Berg hinauf, an einem einsamen H\u00e4uschen vorbei zu den Fledermaush\u00f6hlen. Ein kleines St\u00fcck weiter geht es entweder weiter hoch auf den Berg oder aber wieder runter in Richtung M\u00fchlstein. Dieses soll der Weg f\u00fcr heute sein, von dort sieht man noch auf eine klaffende Spalte im Tal, diese w\u00e4chst immer weiter, da der Boden in L\u00fcneburg immer noch in Bewegung ist. Bevor der M\u00fchlstein erreicht wird, liegt auf der rechten Seite der Eingang zu einem ehemaligen Munitionsdepot, von denen gab es mehrere und sie befanden sich aus Sicherheitsgr\u00fcnden ein bisschen entfernt von den Aufenthaltsr\u00e4umen der Festung. Zur\u00fcck am Gipsbrennofen endet der \u201eerste Teil\u201c der Kalkbergimpressionen.<\/p>\n\n\n\n<figure class=\"wp-block-gallery has-nested-images columns-default is-cropped wp-block-gallery-1 is-layout-flex wp-block-gallery-is-layout-flex\">\n<figure class=\"wp-block-image size-large\"><img loading=\"lazy\" decoding=\"async\" width=\"600\" height=\"399\" data-id=\"10344\" src=\"https:\/\/alaev-lueneburg.de\/alawordpress\/wp-content\/uploads\/2025\/07\/10-07-2025.jpg\" alt=\"\" class=\"wp-image-10344\" srcset=\"https:\/\/alaev-lueneburg.de\/alawordpress\/wp-content\/uploads\/2025\/07\/10-07-2025.jpg 600w, https:\/\/alaev-lueneburg.de\/alawordpress\/wp-content\/uploads\/2025\/07\/10-07-2025-300x200.jpg 300w\" sizes=\"auto, (max-width: 600px) 100vw, 600px\" \/><\/figure>\n\n\n\n<figure class=\"wp-block-image size-large\"><img loading=\"lazy\" decoding=\"async\" width=\"600\" height=\"400\" data-id=\"10343\" src=\"https:\/\/alaev-lueneburg.de\/alawordpress\/wp-content\/uploads\/2025\/07\/11-07-2025.jpg\" alt=\"\" class=\"wp-image-10343\" srcset=\"https:\/\/alaev-lueneburg.de\/alawordpress\/wp-content\/uploads\/2025\/07\/11-07-2025.jpg 600w, https:\/\/alaev-lueneburg.de\/alawordpress\/wp-content\/uploads\/2025\/07\/11-07-2025-300x200.jpg 300w\" sizes=\"auto, (max-width: 600px) 100vw, 600px\" \/><figcaption class=\"wp-element-caption\">Festungsmauer<\/figcaption><\/figure>\n\n\n\n<figure class=\"wp-block-image size-large\"><img loading=\"lazy\" decoding=\"async\" width=\"600\" height=\"400\" data-id=\"10342\" src=\"https:\/\/alaev-lueneburg.de\/alawordpress\/wp-content\/uploads\/2025\/07\/12-07-2025.jpg\" alt=\"\" class=\"wp-image-10342\" srcset=\"https:\/\/alaev-lueneburg.de\/alawordpress\/wp-content\/uploads\/2025\/07\/12-07-2025.jpg 600w, https:\/\/alaev-lueneburg.de\/alawordpress\/wp-content\/uploads\/2025\/07\/12-07-2025-300x200.jpg 300w\" sizes=\"auto, (max-width: 600px) 100vw, 600px\" \/><figcaption class=\"wp-element-caption\">Fledermaush\u00f6hlen<\/figcaption><\/figure>\n<\/figure>\n\n\n\n<div class=\"wp-block-group\"><div class=\"wp-block-group__inner-container is-layout-constrained wp-block-group-is-layout-constrained\">\n<p>Na, Lust bekommen? Dann los.<\/p>\n<\/div><\/div>\n\n\n\n<p>(Autor: Andreas Bahr)<\/p>\n\n\n\n<figure class=\"wp-block-image size-full\"><img loading=\"lazy\" decoding=\"async\" width=\"900\" height=\"601\" src=\"https:\/\/alaev-lueneburg.de\/alawordpress\/wp-content\/uploads\/2025\/07\/14-07-2025.jpg\" alt=\"\" class=\"wp-image-10340\" srcset=\"https:\/\/alaev-lueneburg.de\/alawordpress\/wp-content\/uploads\/2025\/07\/14-07-2025.jpg 900w, https:\/\/alaev-lueneburg.de\/alawordpress\/wp-content\/uploads\/2025\/07\/14-07-2025-300x200.jpg 300w, https:\/\/alaev-lueneburg.de\/alawordpress\/wp-content\/uploads\/2025\/07\/14-07-2025-768x513.jpg 768w\" sizes=\"auto, (max-width: 900px) 100vw, 900px\" \/><\/figure>\n\n\n\n<h3 class=\"wp-block-heading\">B\u00fcrozeiten des ALA:<\/h3>\n\n\n\n<p><strong>Montag von 15.00 Uhr bis 17.00 Uhr oder nach Vereinbarung<\/strong><\/p>\n\n\n\n<p><strong>Kontakt:<\/strong><\/p>\n\n\n\n<p>Arbeitskreis L\u00fcneburger Altstadt e. V.<br>Untere Ohlingerstra\u00dfe 7, Hintergeb\u00e4ude \/ Eingang Neue Stra\u00dfe<br>Tel. 04131 \u2013 26 77 27<br><a href=\"mailto:ALA.ev@t-online.de\">ALA.ev@t-online.de<\/a><\/p>\n\n\n\n<p><strong>Verantwortlich f\u00fcr den Inhalt:<\/strong><\/p>\n\n\n\n<p>Arbeitskreis L\u00fcneburger Altstadt e.V.; 1. Vorsitzender Steffen Wolter<br><a href=\"mailto:ALA.ev@t-online.de\">ALA.ev@t-online.de<\/a><\/p>\n\n\n\n<p>Fotos wenn nicht anders angeben: \u00a9 Andreas Bahr<\/p>\n\n\n\n<p><\/p>\n","protected":false},"excerpt":{"rendered":"<p>Es ist viel passiert &#8211; hier kommt der neue ALA Infobrief.<\/p>\n","protected":false},"author":6,"featured_media":7366,"comment_status":"open","ping_status":"closed","sticky":false,"template":"","format":"standard","meta":{"footnotes":""},"categories":[10],"tags":[],"class_list":["post-10323","post","type-post","status-publish","format-standard","has-post-thumbnail","hentry","category-ala-berichte"],"_links":{"self":[{"href":"https:\/\/alaev-lueneburg.de\/alawordpress\/wp-json\/wp\/v2\/posts\/10323","targetHints":{"allow":["GET"]}}],"collection":[{"href":"https:\/\/alaev-lueneburg.de\/alawordpress\/wp-json\/wp\/v2\/posts"}],"about":[{"href":"https:\/\/alaev-lueneburg.de\/alawordpress\/wp-json\/wp\/v2\/types\/post"}],"author":[{"embeddable":true,"href":"https:\/\/alaev-lueneburg.de\/alawordpress\/wp-json\/wp\/v2\/users\/6"}],"replies":[{"embeddable":true,"href":"https:\/\/alaev-lueneburg.de\/alawordpress\/wp-json\/wp\/v2\/comments?post=10323"}],"version-history":[{"count":44,"href":"https:\/\/alaev-lueneburg.de\/alawordpress\/wp-json\/wp\/v2\/posts\/10323\/revisions"}],"predecessor-version":[{"id":10386,"href":"https:\/\/alaev-lueneburg.de\/alawordpress\/wp-json\/wp\/v2\/posts\/10323\/revisions\/10386"}],"wp:featuredmedia":[{"embeddable":true,"href":"https:\/\/alaev-lueneburg.de\/alawordpress\/wp-json\/wp\/v2\/media\/7366"}],"wp:attachment":[{"href":"https:\/\/alaev-lueneburg.de\/alawordpress\/wp-json\/wp\/v2\/media?parent=10323"}],"wp:term":[{"taxonomy":"category","embeddable":true,"href":"https:\/\/alaev-lueneburg.de\/alawordpress\/wp-json\/wp\/v2\/categories?post=10323"},{"taxonomy":"post_tag","embeddable":true,"href":"https:\/\/alaev-lueneburg.de\/alawordpress\/wp-json\/wp\/v2\/tags?post=10323"}],"curies":[{"name":"wp","href":"https:\/\/api.w.org\/{rel}","templated":true}]}}