{"id":10187,"date":"2025-03-04T20:10:00","date_gmt":"2025-03-04T19:10:00","guid":{"rendered":"https:\/\/alaev-lueneburg.de\/alawordpress\/?p=10187"},"modified":"2025-08-22T16:25:08","modified_gmt":"2025-08-22T14:25:08","slug":"das-salzmuseum-der-zukunft","status":"publish","type":"post","link":"https:\/\/alaev-lueneburg.de\/alawordpress\/das-salzmuseum-der-zukunft\/","title":{"rendered":"Das Salzmuseum der Zukunft"},"content":{"rendered":"\n<p class=\"has-colibri-color-6-color has-text-color has-link-color has-large-font-size wp-elements-fd2e74062b30f55fb3f0407761f401f8\"><strong>Sonderausstellung des Deutschen Salzmuseums &#8222;Das Salzmuseum der Zukunft&#8220;<\/strong><\/p>\n\n\n\n<p class=\"has-colibri-color-6-color has-text-color has-link-color wp-elements-a900629f37c8f0583ec31d5206f3b394\"><strong>Datum und Uhrzeit<\/strong><br>15. August 2025 um 16 Uhr.<br><br><strong>Ort<\/strong><br>Treffpunkt im ehemaligen Werkstattgeb\u00e4ude &#8222;Eselstall&#8220; auf dem Museumsgel\u00e4nde.<\/p>\n\n\n\n<p class=\"has-colibri-color-6-color has-text-color has-link-color wp-elements-6e7f22733e710c8c8f4ae2a34aaf56ab\">Deutsches Salzmuseum<br>S\u00fclfmeisterstra\u00dfe 1<br>21335 L\u00fcneburg<br><br><strong>Anmeldung erforderlich<\/strong><br>Nur f\u00fcr ALA Mitglieder. Begrenzte Teilnehmerzahl. <br>Anmeldung: <br>&#8211; Bitte bis Samstag, den 9. August 2025<br>&#8211; Email an: bettina.andersen@gmx.de<\/p>\n\n\n\n<p class=\"has-colibri-color-6-color has-text-color has-link-color wp-elements-eb20d7fd5ed6c4f7c30da3d7c8356c99\"><strong>\u00dcbersicht<\/strong><br>Mit-Denk-Tour mit spezieller F\u00fchrung f\u00fcr ALA-Mitglieder.<\/p>\n\n\n\n<p class=\"has-colibri-color-6-color has-text-color has-link-color wp-elements-06d0224bc7b21da2260291c786178e11\">Das Deutsche Salzmuseum wird in den kommenden Jahren saniert und neugestaltet. In der Sonderausstellung &#8222;Das Salzmuseum der Zukunft&#8220; erfahren Sie mehr \u00fcber die Planungen f\u00fcr das Salzmuseum der Zukunft.<\/p>\n\n\n\n<p class=\"has-colibri-color-6-color has-text-color has-link-color wp-elements-357873ebfcbd08d660e5bce3cf5c504e\">Mehr Informationen \u00fcber die Ausstellung:<br><a href=\"https:\/\/www.salzmuseum.de\/index.php\/das-museum-neu\/ausstellungen-neu\/sonderausstellung\">https:\/\/www.salzmuseum.de\/index.php\/das-museum-neu\/ausstellungen-neu\/sonderausstellung<\/a><\/p>\n\n\n\n<p><\/p>\n","protected":false},"excerpt":{"rendered":"<p>15. August 2025 um 16 Uhr.<\/p>\n","protected":false},"author":5,"featured_media":2729,"comment_status":"open","ping_status":"closed","sticky":false,"template":"","format":"standard","meta":{"footnotes":""},"categories":[12],"tags":[],"class_list":["post-10187","post","type-post","status-publish","format-standard","has-post-thumbnail","hentry","category-termine-alt"],"_links":{"self":[{"href":"https:\/\/alaev-lueneburg.de\/alawordpress\/wp-json\/wp\/v2\/posts\/10187","targetHints":{"allow":["GET"]}}],"collection":[{"href":"https:\/\/alaev-lueneburg.de\/alawordpress\/wp-json\/wp\/v2\/posts"}],"about":[{"href":"https:\/\/alaev-lueneburg.de\/alawordpress\/wp-json\/wp\/v2\/types\/post"}],"author":[{"embeddable":true,"href":"https:\/\/alaev-lueneburg.de\/alawordpress\/wp-json\/wp\/v2\/users\/5"}],"replies":[{"embeddable":true,"href":"https:\/\/alaev-lueneburg.de\/alawordpress\/wp-json\/wp\/v2\/comments?post=10187"}],"version-history":[{"count":7,"href":"https:\/\/alaev-lueneburg.de\/alawordpress\/wp-json\/wp\/v2\/posts\/10187\/revisions"}],"predecessor-version":[{"id":10219,"href":"https:\/\/alaev-lueneburg.de\/alawordpress\/wp-json\/wp\/v2\/posts\/10187\/revisions\/10219"}],"wp:featuredmedia":[{"embeddable":true,"href":"https:\/\/alaev-lueneburg.de\/alawordpress\/wp-json\/wp\/v2\/media\/2729"}],"wp:attachment":[{"href":"https:\/\/alaev-lueneburg.de\/alawordpress\/wp-json\/wp\/v2\/media?parent=10187"}],"wp:term":[{"taxonomy":"category","embeddable":true,"href":"https:\/\/alaev-lueneburg.de\/alawordpress\/wp-json\/wp\/v2\/categories?post=10187"},{"taxonomy":"post_tag","embeddable":true,"href":"https:\/\/alaev-lueneburg.de\/alawordpress\/wp-json\/wp\/v2\/tags?post=10187"}],"curies":[{"name":"wp","href":"https:\/\/api.w.org\/{rel}","templated":true}]}}