{"id":10183,"date":"2025-07-10T18:13:29","date_gmt":"2025-07-10T16:13:29","guid":{"rendered":"https:\/\/alaev-lueneburg.de\/alawordpress\/?p=10183"},"modified":"2025-07-15T14:52:25","modified_gmt":"2025-07-15T12:52:25","slug":"tour-rund-um-st-michaelis","status":"publish","type":"post","link":"https:\/\/alaev-lueneburg.de\/alawordpress\/tour-rund-um-st-michaelis\/","title":{"rendered":"Tour rund um St. Michaelis"},"content":{"rendered":"\n<p class=\"has-colibri-color-6-color has-text-color has-link-color has-large-font-size wp-elements-0ac14a155d46f6667f51222f8109e222\">Tour rund um St. Michaelis.<\/p>\n\n\n\n<p class=\"has-colibri-color-6-color has-text-color has-link-color wp-elements-b4bddac56bc6176c39e0749f49062a99\">Die Grundregeln der Benediktiner sind ora et labora, Demut, Gehorsam und die Verpflichtung zur Gemeinschaft und gegenseitigen Hilfe. Die Benediktiner waren die M\u00f6nche im Kloster St. Michaelis zu L\u00fcneburg, und mit den Hinweisen auf die M\u00f6nche begann Magdalena Deutschmann ihre F\u00fchrung rund um St. Michaelis. Ihrem Aufruf zur Teilnahme waren ca. 30 Teilnehmer gefolgt und standen vor der St. Michaelis-Kirche, dem fast einzigen noch sichtbaren Teil des Klosters. 1376 entstand das Kloster am heutigen Standort, vorher befand sich das Kloster ebenso wie die Burg auf dem Kalkberg, beides wurde 1371 von den w\u00fctenden L\u00fcneburger B\u00fcrgern zerst\u00f6rt.<\/p>\n\n\n\n<p class=\"has-colibri-color-6-color has-text-color has-link-color wp-elements-f4b6f07ea22f2e1d07297f9eae9bf6d8\">Viel ist vom ehemaligen Kloster nicht mehr erhalten, viele Mauern liegen unter dem Erdreich, dennoch schaffte es Frau Deutschmann, ihre Zuh\u00f6rer mit ihren Geschichten und verschiedenen Fotos in die Zeit zur\u00fcckzuversetzen. Sie beschrieb auch die komplexen Eigentumsverh\u00e4ltnisse rund um die Klosteranlage, ein Teil geh\u00f6rt der Kirche, ein anderer der Klosterkammer und der Kreisverwaltung.<\/p>\n\n\n\n<p class=\"has-colibri-color-6-color has-text-color has-link-color wp-elements-af3356932f63ccca4ae8f963bd09f2ab\">Beim Rundgang kamen die Teilnehmer auch an ein trauriges Kapitel in der Altstadt, das Haus Nr. 4 in der G\u00f6rgestra\u00dfe sucht verzweifelt nach einem neuen Besitzer, der bereit ist, diesem ehemals wundersch\u00f6nen Geb\u00e4ude neues Leben einzuhauchen.<\/p>\n\n\n\n<p class=\"has-colibri-color-6-color has-text-color has-link-color wp-elements-b10ef83627a43cd1ab916b02422eee2d\">Viele versteckte Ecken, an denen man schon so oft vorbeigegangen war, bekamen eine Geschichte und eine ganz andere Betrachtungsweise. Der Rundgang endete am Kapitelsaal, ein freigelegtes Gew\u00f6lbe des Klosters. Dieser w\u00e4re f\u00fcr immer verschwunden, wenn nicht der Arbeitskreis L\u00fcneburger Altstadt diesen mit viel ehrenamtlichem Engagement und Zeit ausgegraben h\u00e4tte und somit den B\u00fcrgern und Touristen erhalten hat, allerdings mit der Auflage, sich um die Instandhaltung zu k\u00fcmmern.<\/p>\n\n\n\n<p class=\"has-colibri-color-6-color has-text-color has-link-color wp-elements-f80aa32fa81163599a876b54f2c7878f\">Klingt die Geschichte interessant, dann lesen Sie diese und noch viele andere \u201eStadtgeschichten\u201c auf der neuen Webseite des Arbeitskreises L\u00fcneburger Altstadt:<\/p>\n\n\n\n<p><a href=\"https:\/\/alaev-lueneburg.de\">https:\/\/alaev-lueneburg.de<\/a><\/p>\n\n\n\n<p class=\"has-colibri-color-6-color has-text-color has-link-color wp-elements-104bb7b6197b834633385171a04f40bb\">Um seine Arbeit gutzumachen, ben\u00f6tigt der Arbeitskreis L\u00fcneburger Altstadt weitere Unterst\u00fctzer, seien es f\u00f6rdernde Mitglieder, Einzelspenden oder aber viel lieber aktiv gestaltende mitwirkende Vereinsmitglieder die uns bei unseren zahlreichen Aktivit\u00e4ten unterst\u00fctzen, sei es beim Handwerkermarkt, dem Christmarkt oder bei den Stadtwachen. Wir wollen unsere Aktivit\u00e4ten ausweiten und pr\u00e4senter sein, dazu brauchen wir die Unterst\u00fctzung von engagierten Mitwirkenden.<\/p>\n\n\n\n<p class=\"has-colibri-color-6-color has-text-color has-link-color wp-elements-958a00cc7467da13fd25cb63f2419ed7\">Sie sind nicht so der darstellende Typ im historischen Gewand? Egal wir brauchen auch Unterst\u00fctzer in allen Bereichen.<\/p>\n\n\n\n<p class=\"has-colibri-color-6-color has-text-color has-link-color wp-elements-a06b4b4ce976113f9e597882b3dc11e6\">Interesse geweckt? Dann melden Sie sich bei uns unter: <a href=\"mailto:info@alev-lueneburg.de\">info@alev-lueneburg.de<\/a> oder gibt es (Presse-)Anfragen zu Themen des Arbeitskreises L\u00fcneburger Altstadt: pressesprecher@alaev-lueneburg.de<\/p>\n","protected":false},"excerpt":{"rendered":"<p>Die Geschichte des ehemaligen Benediktinerklosters wurde lebendig. <\/p>\n","protected":false},"author":5,"featured_media":10184,"comment_status":"open","ping_status":"closed","sticky":false,"template":"","format":"standard","meta":{"footnotes":""},"categories":[10],"tags":[],"class_list":["post-10183","post","type-post","status-publish","format-standard","has-post-thumbnail","hentry","category-ala-berichte"],"_links":{"self":[{"href":"https:\/\/alaev-lueneburg.de\/alawordpress\/wp-json\/wp\/v2\/posts\/10183","targetHints":{"allow":["GET"]}}],"collection":[{"href":"https:\/\/alaev-lueneburg.de\/alawordpress\/wp-json\/wp\/v2\/posts"}],"about":[{"href":"https:\/\/alaev-lueneburg.de\/alawordpress\/wp-json\/wp\/v2\/types\/post"}],"author":[{"embeddable":true,"href":"https:\/\/alaev-lueneburg.de\/alawordpress\/wp-json\/wp\/v2\/users\/5"}],"replies":[{"embeddable":true,"href":"https:\/\/alaev-lueneburg.de\/alawordpress\/wp-json\/wp\/v2\/comments?post=10183"}],"version-history":[{"count":3,"href":"https:\/\/alaev-lueneburg.de\/alawordpress\/wp-json\/wp\/v2\/posts\/10183\/revisions"}],"predecessor-version":[{"id":10311,"href":"https:\/\/alaev-lueneburg.de\/alawordpress\/wp-json\/wp\/v2\/posts\/10183\/revisions\/10311"}],"wp:featuredmedia":[{"embeddable":true,"href":"https:\/\/alaev-lueneburg.de\/alawordpress\/wp-json\/wp\/v2\/media\/10184"}],"wp:attachment":[{"href":"https:\/\/alaev-lueneburg.de\/alawordpress\/wp-json\/wp\/v2\/media?parent=10183"}],"wp:term":[{"taxonomy":"category","embeddable":true,"href":"https:\/\/alaev-lueneburg.de\/alawordpress\/wp-json\/wp\/v2\/categories?post=10183"},{"taxonomy":"post_tag","embeddable":true,"href":"https:\/\/alaev-lueneburg.de\/alawordpress\/wp-json\/wp\/v2\/tags?post=10183"}],"curies":[{"name":"wp","href":"https:\/\/api.w.org\/{rel}","templated":true}]}}