{"id":10152,"date":"2025-07-03T07:41:39","date_gmt":"2025-07-03T05:41:39","guid":{"rendered":"https:\/\/alaev-lueneburg.de\/alawordpress\/?p=10152"},"modified":"2025-07-04T08:30:42","modified_gmt":"2025-07-04T06:30:42","slug":"neue-ala-webseite-ist-online","status":"publish","type":"post","link":"https:\/\/alaev-lueneburg.de\/alawordpress\/neue-ala-webseite-ist-online\/","title":{"rendered":"Neue ALA Webseite ist online"},"content":{"rendered":"\n<p class=\"has-colibri-color-6-color has-text-color has-link-color has-medium-font-size wp-elements-12093f25597e5aff7d590dfdd9257c79\">Neue ALA Webseite ist online<\/p>\n\n\n\n<p class=\"has-colibri-color-6-color has-text-color has-link-color wp-elements-8847c4446ad5a04c4385ff9347fa5486\">Altes erhalten und bewahren, das sind die Ziele des Arbeitskreises L\u00fcneburger Altstadt, kurz ALA. Doch bei der neuen Webseite wird der ALA seinem Motto untreu, hier gilt, Neues zu gestalten und zu ver\u00e4ndern. \u201eDie neue Webseite soll auch den j\u00fcngeren Internetbenutzer ansprechen\u201c, so Uwe Resas der Webmaster des ALA, \u201edie Webseite brauchte ein neues Gewand, das Alte war nicht mehr zeitgem\u00e4\u00df.\u201c<\/p>\n\n\n\n<p class=\"has-colibri-color-6-color has-text-color has-link-color wp-elements-0b9a428819a246e4001deb4215c4aa39\">Die neue Webseite zeigt im neuen Outfit, wie wichtig die Arbeit des Arbeitskreises auch heute noch ist. Zwar gehen die Stadt L\u00fcneburg und der Arbeitskreis mittlerweile oftmals gemeinsame Wege und arbeiten eng zusammen, dennoch ist es ab und zu notwendig, dass der ALA den mahnenden Zeigefinger hebt.<\/p>\n\n\n\n<p class=\"has-colibri-color-6-color has-text-color has-link-color wp-elements-b4cc4a91c930ca1d5dbf7d7d6d65bd68\">Das erwartet Leser auf der neuen Webseite:<\/p>\n\n\n\n<ul class=\"wp-block-list\">\n<li class=\"has-colibri-color-6-color has-text-color has-link-color wp-elements-72a9a968cc67afddc7df3ae82388854b\">Aktuelle Nachrichten und Ank\u00fcndigungen.<\/li>\n\n\n\n<li class=\"has-colibri-color-6-color has-text-color has-link-color wp-elements-9a318560c8c14d363caad0b9ed301ba7\">Einblick in Projekte und Aktivit\u00e4ten.<\/li>\n\n\n\n<li class=\"has-colibri-color-6-color has-text-color has-link-color wp-elements-4492f0996d74a7823c7e26f927e800a7\">Informationen zu den Zielen und Werten des ALA.<\/li>\n\n\n\n<li class=\"has-colibri-color-6-color has-text-color has-link-color wp-elements-0f6423ac5859f1f906a0bcb1f93f76e4\">Kontaktm\u00f6glichkeiten und Ansprechpartner.<\/li>\n<\/ul>\n\n\n\n<p class=\"has-colibri-color-6-color has-text-color has-link-color wp-elements-ea24f44a87913ddd4697c61333737bbf\">Adresse:&nbsp;<a href=\"https:\/\/alaev-lueneburg.de\/\">https:\/\/alaev-lueneburg.de\/<\/a><\/p>\n\n\n\n<p class=\"has-colibri-color-6-color has-text-color has-link-color wp-elements-538dccb28ba0d28542530e7060aa8fad\">Einige Themen die den Arbeitskreis besch\u00e4ftigen: Unter anderem braucht L\u00fcneburg Wohnraum, hier w\u00e4re die Schaffung von neuen Wohnungen \u00fcber den Gesch\u00e4ften in der Innenstadt ein wichtiger Bestandteil, um die L\u00fcneburger Innenstadt als aktiven Lebensraum zu st\u00e4rken. Viele Touristen loben immer wieder das einzigartige Stadtbild der L\u00fcneburger Altstadt, den Blick auf die alten H\u00e4user mit ihren wundersch\u00f6nen Malereien und ihren manchmal etwas schiefen Giebeln. Um dieses Flair zu erhalten, bedarf es einer ganzheitlichen Betrachtung der Geb\u00e4ude vom Keller bis zum Dach und gerade da stellt sich die neue Herausforderung f\u00fcr den Arbeitskreis, der Wunsch nach der Nutzung erneuerbarer Energie macht auch nicht vor den D\u00e4chern der Altstadt Halt. Es stellt sich die Frage darf ein historisches Geb\u00e4ude eine Photovoltaik-Anlage haben? Diese Frage, darf sich jeder Betrachter unserer sch\u00f6nen, alten und historischen Altstadth\u00e4user selbst beantworten.<\/p>\n\n\n\n<p class=\"has-colibri-color-6-color has-text-color has-link-color wp-elements-104bb7b6197b834633385171a04f40bb\">Um seine Arbeit gutzumachen, ben\u00f6tigt der Arbeitskreis L\u00fcneburger Altstadt weitere Unterst\u00fctzer, seien es f\u00f6rdernde Mitglieder, Einzelspenden oder aber viel lieber aktiv gestaltende mitwirkende Vereinsmitglieder die uns bei unseren zahlreichen Aktivit\u00e4ten unterst\u00fctzen, sei es beim Handwerkermarkt, dem Christmarkt oder bei den Stadtwachen. Wir wollen unsere Aktivit\u00e4ten ausweiten und pr\u00e4senter sein, dazu brauchen wir die Unterst\u00fctzung von engagierten Mitwirkenden.<\/p>\n\n\n\n<p class=\"has-colibri-color-6-color has-text-color has-link-color wp-elements-958a00cc7467da13fd25cb63f2419ed7\">Sie sind nicht so der darstellende Typ im historischen Gewand? Egal wir brauchen auch Unterst\u00fctzer in allen Bereichen.<\/p>\n\n\n\n<p class=\"has-colibri-color-6-color has-text-color has-link-color wp-elements-a06b4b4ce976113f9e597882b3dc11e6\">Interesse geweckt? Dann melden Sie sich bei uns unter: <a href=\"mailto:info@alev-lueneburg.de\">info@alev-lueneburg.de<\/a> oder gibt es (Presse-)Anfragen zu Themen des Arbeitskreises L\u00fcneburger Altstadt: pressesprecher@alaev-lueneburg.de<\/p>\n","protected":false},"excerpt":{"rendered":"<p>Die neue Webseite zeigt im neuen Outfit, wie wichtig die Arbeit des Arbeitskreises auch heute noch ist.<\/p>\n","protected":false},"author":5,"featured_media":10154,"comment_status":"open","ping_status":"closed","sticky":false,"template":"","format":"standard","meta":{"footnotes":""},"categories":[10],"tags":[],"class_list":["post-10152","post","type-post","status-publish","format-standard","has-post-thumbnail","hentry","category-ala-berichte"],"_links":{"self":[{"href":"https:\/\/alaev-lueneburg.de\/alawordpress\/wp-json\/wp\/v2\/posts\/10152","targetHints":{"allow":["GET"]}}],"collection":[{"href":"https:\/\/alaev-lueneburg.de\/alawordpress\/wp-json\/wp\/v2\/posts"}],"about":[{"href":"https:\/\/alaev-lueneburg.de\/alawordpress\/wp-json\/wp\/v2\/types\/post"}],"author":[{"embeddable":true,"href":"https:\/\/alaev-lueneburg.de\/alawordpress\/wp-json\/wp\/v2\/users\/5"}],"replies":[{"embeddable":true,"href":"https:\/\/alaev-lueneburg.de\/alawordpress\/wp-json\/wp\/v2\/comments?post=10152"}],"version-history":[{"count":3,"href":"https:\/\/alaev-lueneburg.de\/alawordpress\/wp-json\/wp\/v2\/posts\/10152\/revisions"}],"predecessor-version":[{"id":10164,"href":"https:\/\/alaev-lueneburg.de\/alawordpress\/wp-json\/wp\/v2\/posts\/10152\/revisions\/10164"}],"wp:featuredmedia":[{"embeddable":true,"href":"https:\/\/alaev-lueneburg.de\/alawordpress\/wp-json\/wp\/v2\/media\/10154"}],"wp:attachment":[{"href":"https:\/\/alaev-lueneburg.de\/alawordpress\/wp-json\/wp\/v2\/media?parent=10152"}],"wp:term":[{"taxonomy":"category","embeddable":true,"href":"https:\/\/alaev-lueneburg.de\/alawordpress\/wp-json\/wp\/v2\/categories?post=10152"},{"taxonomy":"post_tag","embeddable":true,"href":"https:\/\/alaev-lueneburg.de\/alawordpress\/wp-json\/wp\/v2\/tags?post=10152"}],"curies":[{"name":"wp","href":"https:\/\/api.w.org\/{rel}","templated":true}]}}